{"id":20123,"date":"2024-11-12T06:10:00","date_gmt":"2024-11-12T09:10:00","guid":{"rendered":"https:\/\/diariorepublica.com.ar\/web\/?p=20123"},"modified":"2024-11-12T07:13:01","modified_gmt":"2024-11-12T10:13:01","slug":"velez-empato-contra-deportivo-riestra-que-tuvo-el-debut-de-un-streamer","status":"publish","type":"post","link":"https:\/\/diariorepublica.com.ar\/web\/index.php\/deportes\/2024\/11\/12\/velez-empato-contra-deportivo-riestra-que-tuvo-el-debut-de-un-streamer\/","title":{"rendered":"V\u00e9lez empat\u00f3 contra Deportivo Riestra, que tuvo el debut de un streamer"},"content":{"rendered":"<article id=\"article-post\" class=\"first\">\n<div class=\"cuerpo\" data-twitter-link=\"https:\/\/twitter.com\/intent\/tweet?url=https:\/\/www.diariopopular.com.ar\/c814842&amp;via=poopulardiario&amp;related=Popular&amp;text=\">\n<p><strong>V\u00e9lez empat\u00f3 este lunes 1 a 1 ante Deportivo Riestra 1 a 1<\/strong>\u00a0y, pese a que se mantiene como l\u00edder de la\u00a0<strong>Liga Profesional, ahora s\u00f3lo le lleva un punto de ventaja a Hurac\u00e1n<\/strong>\u00a0cuando faltan cinco fechas para el cierre del campeonato.\u00a0<strong>Braian Romero<\/strong>\u00a0puso en ventaja al equipo dirigido por\u00a0<strong>Gustavo Quinteros<\/strong>\u00a0y\u00a0<strong>Nicol\u00e1s Caro Torres<\/strong>\u00a0clav\u00f3 la igualdad.<\/p>\n<\/div>\n<\/article>\n<article id=\"article-post\">\n<div class=\"cuerpo\" data-twitter-link=\"https:\/\/twitter.com\/intent\/tweet?url=https:\/\/www.diariopopular.com.ar\/c814842&amp;via=poopulardiario&amp;related=Popular&amp;text=\">\n<p>Uno de los condimentos del partido, correspondiente a la 22\u00ba fecha del torneo, fue\u00a0<strong>el debut del streamer Spreen entre los titulares de Riestra<\/strong>. Apenas estuvo 30 segundos en cancha y<strong>\u00a0no toc\u00f3 la pelota<\/strong>, en una clara estrategia de marketing del club del Bajo Flores. De hecho, en uno de los palcos del estadio tambi\u00e9n estuvo el cantante\u00a0<strong>Luk Ra<\/strong>.<\/p>\n<div id=\"embed1617_wrap\" class=\"embed_cont type_freetext\" contenteditable=\"false\" data-provider=\"Twitter\">\n<div id=\"embed1617_content\" class=\"embed_content\">\n<div id=\"embed1617_embed\">\n<div class=\"twitter-tweet twitter-tweet-rendered\"><iframe id=\"twitter-widget-0\" class=\"\" title=\"X Post\" src=\"https:\/\/platform.twitter.com\/embed\/Tweet.html?creatorScreenName=diariopopular&amp;dnt=false&amp;embedId=twitter-widget-0&amp;features=eyJ0ZndfdGltZWxpbmVfbGlzdCI6eyJidWNrZXQiOltdLCJ2ZXJzaW9uIjpudWxsfSwidGZ3X2ZvbGxvd2VyX2NvdW50X3N1bnNldCI6eyJidWNrZXQiOnRydWUsInZlcnNpb24iOm51bGx9LCJ0ZndfdHdlZXRfZWRpdF9iYWNrZW5kIjp7ImJ1Y2tldCI6Im9uIiwidmVyc2lvbiI6bnVsbH0sInRmd19yZWZzcmNfc2Vzc2lvbiI6eyJidWNrZXQiOiJvbiIsInZlcnNpb24iOm51bGx9LCJ0ZndfZm9zbnJfc29mdF9pbnRlcnZlbnRpb25zX2VuYWJsZWQiOnsiYnVja2V0Ijoib24iLCJ2ZXJzaW9uIjpudWxsfSwidGZ3X21peGVkX21lZGlhXzE1ODk3Ijp7ImJ1Y2tldCI6InRyZWF0bWVudCIsInZlcnNpb24iOm51bGx9LCJ0ZndfZXhwZXJpbWVudHNfY29va2llX2V4cGlyYXRpb24iOnsiYnVja2V0IjoxMjA5NjAwLCJ2ZXJzaW9uIjpudWxsfSwidGZ3X3Nob3dfYmlyZHdhdGNoX3Bpdm90c19lbmFibGVkIjp7ImJ1Y2tldCI6Im9uIiwidmVyc2lvbiI6bnVsbH0sInRmd19kdXBsaWNhdGVfc2NyaWJlc190b19zZXR0aW5ncyI6eyJidWNrZXQiOiJvbiIsInZlcnNpb24iOm51bGx9LCJ0ZndfdXNlX3Byb2ZpbGVfaW1hZ2Vfc2hhcGVfZW5hYmxlZCI6eyJidWNrZXQiOiJvbiIsInZlcnNpb24iOm51bGx9LCJ0ZndfdmlkZW9faGxzX2R5bmFtaWNfbWFuaWZlc3RzXzE1MDgyIjp7ImJ1Y2tldCI6InRydWVfYml0cmF0ZSIsInZlcnNpb24iOm51bGx9LCJ0ZndfbGVnYWN5X3RpbWVsaW5lX3N1bnNldCI6eyJidWNrZXQiOnRydWUsInZlcnNpb24iOm51bGx9LCJ0ZndfdHdlZXRfZWRpdF9mcm9udGVuZCI6eyJidWNrZXQiOiJvbiIsInZlcnNpb24iOm51bGx9fQ%3D%3D&amp;frame=false&amp;hideCard=false&amp;hideThread=false&amp;id=1856050582626414997&amp;lang=en&amp;origin=https%3A%2F%2Fwww.diariopopular.com.ar%2Fdeportes%2Farde-el-torneo-velez-empato-contra-deportivo-riestra-que-tuvo-el-debut-un-streamer-n814842&amp;sessionId=cce4c15c67ceec176747bf40e3bca8ff7db0fd87&amp;siteScreenName=diariopopular&amp;theme=light&amp;widgetsVersion=2615f7e52b7e0%3A1702314776716&amp;width=550px\" frameborder=\"0\" scrolling=\"no\" allowfullscreen=\"allowfullscreen\" data-gtm-yt-inspected-12=\"true\" data-tweet-id=\"1856050582626414997\" data-mce-fragment=\"1\"><\/iframe><\/div>\n<\/div>\n<\/div>\n<div id=\"embed1617_epigrafe\" class=\"embed_epigrafe\"><\/div>\n<div id=\"embed1617_copyright\" class=\"embed_copyright\"><\/div>\n<\/div>\n<p>Spreen, popular en plataformas como YouTube y Twitch, tiene 24 a\u00f1os y\u00a0<strong>fue fichado por Riestra pese a no contar con una carrera en el f\u00fatbol<\/strong>. Es uno de los streamers m\u00e1s influyentes de habla hispana y esta estrategia signific\u00f3\u00a0<strong>otro bochorno para la Liga Profesional<\/strong>.<\/p>\n<p>En la primera media hora del partido,\u00a0<strong>el Fort\u00edn y Riestra no se sacaron ventajas<\/strong>\u00a0en un encuentro muy friccionado, sin oportunidades claras para ninguno de los dos equipos.<\/p>\n<p>Sin embargo, V\u00e9lez abri\u00f3 el marcador a los 44 minutos de juego con el gol de Braian Romero. Tras un desborde de El\u00edas G\u00f3mez por la derecha, el exlateral de River intent\u00f3 meter un centro bajo que dio en la mano de Pedro Ram\u00edrez ante los ojos del \u00e1rbitro Luis Lobo Medina.\u00a0<strong>El juez cobr\u00f3 penal y el delantero lo cambi\u00f3 por gol<\/strong>.<\/p>\n<div id=\"embed40_wrap\" class=\"embed_cont type_freetext\" contenteditable=\"false\">\n<div id=\"embed40_content\" class=\"embed_content\">\n<div id=\"embed40_embed\">\n<div class=\"video_container\"><iframe loading=\"lazy\" class=\"video_iframe\" src=\"https:\/\/www.youtube.com\/embed\/RJuyBCyzMuA\" width=\"100%\" height=\"360\" frameborder=\"0\" scrolling=\"no\" data-gtm-yt-inspected-12=\"true\" data-mce-fragment=\"1\"><\/iframe><\/div>\n<\/div>\n<\/div>\n<div id=\"embed40_epigrafe\" class=\"embed_epigrafe\"><\/div>\n<div id=\"embed40_copyright\" class=\"embed_copyright\"><\/div>\n<\/div>\n<p>En el complemento,\u00a0<strong>Riestra tuvo las oportunidades m\u00e1s claras<\/strong>\u00a0en su necesidad de ir a buscar el empate frente a un V\u00e9lez que decidi\u00f3 esperarlo y salirle de contragolpe.<\/p>\n<p>A los 20 minutos, el equipo de\u00a0<strong>Cristian Fabbiani empat\u00f3 el partido con el gol de Nicol\u00e1s Caro Torres<\/strong>. Luego de un desborde de Alan Barrionuevo por la izquierda, el defensor meti\u00f3 el pase atr\u00e1s para que su compa\u00f1ero de zaga definiera cruzado de primera y pusiera el 1-1 en el Bajo Flores.<\/p>\n<p>Con este resultado, los de Gustavo Quinteros recuperaron el liderazgo del torneo con 43 unidades,\u00a0<strong>uno m\u00e1s que su escolta Hurac\u00e1n<\/strong>. El pr\u00f3ximo 20 de noviembre desde las 19.15, recibir\u00e1n a Lan\u00fas, en el estadio Jos\u00e9 Amalfitani, por la fecha 23 de la Liga Profesional.<\/p>\n<p>Por su parte,\u00a0<strong>Riestra trep\u00f3 al noveno puesto de la tabla con 31 puntos<\/strong>. En la pr\u00f3xima fecha, visitar\u00e1 a Defensa y Justicia, el 18 de noviembre, en Florencio Varela.<\/p>\n<\/div>\n<\/article>\n","protected":false},"excerpt":{"rendered":"<p>V\u00e9lez empat\u00f3 este lunes 1 a 1 ante Deportivo Riestra 1 a 1\u00a0y, pese a que se mantiene como l\u00edder<\/p>\n","protected":false},"author":1,"featured_media":20124,"comment_status":"closed","ping_status":"closed","sticky":false,"template":"","format":"standard","meta":{"footnotes":"","jetpack_publicize_message":"","jetpack_publicize_feature_enabled":true,"jetpack_social_post_already_shared":true,"jetpack_social_options":{"image_generator_settings":{"template":"highway","enabled":false},"version":2}},"categories":[9],"tags":[],"class_list":["post-20123","post","type-post","status-publish","format-standard","has-post-thumbnail","hentry","category-deportes"],"jetpack_publicize_connections":[],"_links":{"self":[{"href":"https:\/\/diariorepublica.com.ar\/web\/index.php\/wp-json\/wp\/v2\/posts\/20123"}],"collection":[{"href":"https:\/\/diariorepublica.com.ar\/web\/index.php\/wp-json\/wp\/v2\/posts"}],"about":[{"href":"https:\/\/diariorepublica.com.ar\/web\/index.php\/wp-json\/wp\/v2\/types\/post"}],"author":[{"embeddable":true,"href":"https:\/\/diariorepublica.com.ar\/web\/index.php\/wp-json\/wp\/v2\/users\/1"}],"replies":[{"embeddable":true,"href":"https:\/\/diariorepublica.com.ar\/web\/index.php\/wp-json\/wp\/v2\/comments?post=20123"}],"version-history":[{"count":1,"href":"https:\/\/diariorepublica.com.ar\/web\/index.php\/wp-json\/wp\/v2\/posts\/20123\/revisions"}],"predecessor-version":[{"id":20125,"href":"https:\/\/diariorepublica.com.ar\/web\/index.php\/wp-json\/wp\/v2\/posts\/20123\/revisions\/20125"}],"wp:featuredmedia":[{"embeddable":true,"href":"https:\/\/diariorepublica.com.ar\/web\/index.php\/wp-json\/wp\/v2\/media\/20124"}],"wp:attachment":[{"href":"https:\/\/diariorepublica.com.ar\/web\/index.php\/wp-json\/wp\/v2\/media?parent=20123"}],"wp:term":[{"taxonomy":"category","embeddable":true,"href":"https:\/\/diariorepublica.com.ar\/web\/index.php\/wp-json\/wp\/v2\/categories?post=20123"},{"taxonomy":"post_tag","embeddable":true,"href":"https:\/\/diariorepublica.com.ar\/web\/index.php\/wp-json\/wp\/v2\/tags?post=20123"}],"curies":[{"name":"wp","href":"https:\/\/api.w.org\/{rel}","templated":true}]}}