{"id":20129,"date":"2024-11-12T07:49:14","date_gmt":"2024-11-12T10:49:14","guid":{"rendered":"https:\/\/diariorepublica.com.ar\/web\/?p=20129"},"modified":"2024-11-12T07:49:16","modified_gmt":"2024-11-12T10:49:16","slug":"al-final-el-pro-no-dara-quorum-en-la-sesion-para-la-modificar-la-ley-de-dnu","status":"publish","type":"post","link":"https:\/\/diariorepublica.com.ar\/web\/index.php\/politica\/2024\/11\/12\/al-final-el-pro-no-dara-quorum-en-la-sesion-para-la-modificar-la-ley-de-dnu\/","title":{"rendered":"Al final, el PRO no dar\u00e1 qu\u00f3rum en la sesi\u00f3n para la modificar la ley de DNU"},"content":{"rendered":"<article id=\"article-post\" class=\"first\">\n<div class=\"cuerpo\" data-twitter-link=\"https:\/\/twitter.com\/intent\/tweet?url=https:\/\/www.diariopopular.com.ar\/c814847&amp;via=poopulardiario&amp;related=Popular&amp;text=\">\n<p>El\u00a0<strong>PRO<\/strong>\u00a0defini\u00f3 que\u00a0<strong>no dar\u00e1 qu\u00f3rum este martes<\/strong>\u00a0en la sesi\u00f3n que los bloques opositores impulsan en la C\u00e1mara de Diputados para\u00a0<strong>reformar la ley de DNU y derogar el decreto de canje de deuda<\/strong>\u00a0sin el apoyo del Congreso de la Naci\u00f3n.\u00a0<strong>\u00abVamos a defender la institucionalidad\u00bb<\/strong>, argumentaron desde el espacio que conduce\u00a0<strong>Mauricio Macri<\/strong>.<\/p>\n<\/div>\n<\/article>\n<article id=\"article-post\">\n<div class=\"cuerpo\" data-twitter-link=\"https:\/\/twitter.com\/intent\/tweet?url=https:\/\/www.diariopopular.com.ar\/c814847&amp;via=poopulardiario&amp;related=Popular&amp;text=\">\n<p>La decisi\u00f3n fue tomada en un encuentro de la\u00a0<strong>Mesa Ejecutivo del PRO<\/strong>, encabezada por el expresidente. El gesto result\u00f3 un alivio para el Gobierno, ya que este espacio cuenta con 40 diputados y, de haber dado qu\u00f3rum,\u00a0<strong>allanaba el camino para que la oposici\u00f3n pusiera la sesi\u00f3n en funcionamiento<\/strong>. \u00abSi consiguen qu\u00f3rum, no vamos a votar con el kirchnerismo\u00bb, adelant\u00f3 uno de los dirigentes presentes en la reuni\u00f3n.<\/p>\n<p>De la reuni\u00f3n participaron el jefe de Gobierno porte\u00f1o,<strong>\u00a0Jorge Macri<\/strong>; el gobernador de Chubut,\u00a0<strong>Ignacio Torres<\/strong>; los diputados\u00a0<strong>Cristian Ritondo, Mar\u00eda Eugenia Vidal y Diego Santill<\/strong>i; los intendentes\u00a0<strong>Guillermo Montenegro<\/strong>\u00a0(General Pueyrred\u00f3n) y\u00a0<strong>Soledad Mart\u00ednez<\/strong>\u00a0(Vicente L\u00f3pez); y el dirigente\u00a0<strong>Fernando De Andreis<\/strong>.<\/p>\n<p>A trav\u00e9s de un comunicado, el PRO dijo que sostendr\u00e1 la \u00abmisma postura\u00bb que mostr\u00f3 \u00aba lo largo del \u00faltimo a\u00f1o\u00bb.\u00a0<strong>\u00abNo vamos a poner en riesgo la gobernabilidad<\/strong>\u00a0y vamos a defender la institucionalidad\u00bb, subray\u00f3 el espacio.<\/p>\n<p>M\u00e1s all\u00e1 de la decisi\u00f3n del PRO, bloques opositores como\u00a0<strong>Uni\u00f3n por la Patria y Encuentro Federal<\/strong>\u00a0insisten en que tienen los n\u00fameros para sesionar este martes, con el objetivo de reformar la ley de DNU y derogar el decreto de canje de deuda. Igual, desde La Libertad Avanza no pierden la esperanza en que la sesi\u00f3n especial\u00a0<strong>no logre reunir el qu\u00f3rum reglamentario de 129 diputados<\/strong>.<\/p>\n<p>Junto con su decisi\u00f3n de no dar qu\u00f3rum, la Mesa Ejecutivo del PRO advirti\u00f3 tambi\u00e9n que\u00a0<strong>\u00abel conflicto con Aerol\u00edneas Argentinas expone una problem\u00e1tica que existe con los gremios en muchas empresas\u00bb<\/strong>, por lo que exigi\u00f3 el \u00abtratamiento de la ley de democratizaci\u00f3n sindical que presentaron varios diputados de nuestro bloque\u00bb.<\/p>\n<\/div>\n<\/article>\n","protected":false},"excerpt":{"rendered":"<p>El\u00a0PRO\u00a0defini\u00f3 que\u00a0no dar\u00e1 qu\u00f3rum este martes\u00a0en la sesi\u00f3n que los bloques opositores impulsan en la C\u00e1mara de Diputados para\u00a0reformar la<\/p>\n","protected":false},"author":1,"featured_media":20130,"comment_status":"closed","ping_status":"closed","sticky":false,"template":"","format":"standard","meta":{"footnotes":"","jetpack_publicize_message":"","jetpack_publicize_feature_enabled":true,"jetpack_social_post_already_shared":true,"jetpack_social_options":{"image_generator_settings":{"template":"highway","enabled":false},"version":2}},"categories":[12],"tags":[],"class_list":["post-20129","post","type-post","status-publish","format-standard","has-post-thumbnail","hentry","category-politica"],"jetpack_publicize_connections":[],"_links":{"self":[{"href":"https:\/\/diariorepublica.com.ar\/web\/index.php\/wp-json\/wp\/v2\/posts\/20129"}],"collection":[{"href":"https:\/\/diariorepublica.com.ar\/web\/index.php\/wp-json\/wp\/v2\/posts"}],"about":[{"href":"https:\/\/diariorepublica.com.ar\/web\/index.php\/wp-json\/wp\/v2\/types\/post"}],"author":[{"embeddable":true,"href":"https:\/\/diariorepublica.com.ar\/web\/index.php\/wp-json\/wp\/v2\/users\/1"}],"replies":[{"embeddable":true,"href":"https:\/\/diariorepublica.com.ar\/web\/index.php\/wp-json\/wp\/v2\/comments?post=20129"}],"version-history":[{"count":1,"href":"https:\/\/diariorepublica.com.ar\/web\/index.php\/wp-json\/wp\/v2\/posts\/20129\/revisions"}],"predecessor-version":[{"id":20131,"href":"https:\/\/diariorepublica.com.ar\/web\/index.php\/wp-json\/wp\/v2\/posts\/20129\/revisions\/20131"}],"wp:featuredmedia":[{"embeddable":true,"href":"https:\/\/diariorepublica.com.ar\/web\/index.php\/wp-json\/wp\/v2\/media\/20130"}],"wp:attachment":[{"href":"https:\/\/diariorepublica.com.ar\/web\/index.php\/wp-json\/wp\/v2\/media?parent=20129"}],"wp:term":[{"taxonomy":"category","embeddable":true,"href":"https:\/\/diariorepublica.com.ar\/web\/index.php\/wp-json\/wp\/v2\/categories?post=20129"},{"taxonomy":"post_tag","embeddable":true,"href":"https:\/\/diariorepublica.com.ar\/web\/index.php\/wp-json\/wp\/v2\/tags?post=20129"}],"curies":[{"name":"wp","href":"https:\/\/api.w.org\/{rel}","templated":true}]}}