{"id":20135,"date":"2024-11-12T01:51:00","date_gmt":"2024-11-12T04:51:00","guid":{"rendered":"https:\/\/diariorepublica.com.ar\/web\/?p=20135"},"modified":"2024-11-12T07:54:05","modified_gmt":"2024-11-12T10:54:05","slug":"reves-judicial-para-uno-de-los-lideres-de-la-cgt-procesaron-a-carlos-acuna","status":"publish","type":"post","link":"https:\/\/diariorepublica.com.ar\/web\/index.php\/nacionales\/2024\/11\/12\/reves-judicial-para-uno-de-los-lideres-de-la-cgt-procesaron-a-carlos-acuna\/","title":{"rendered":"Rev\u00e9s judicial para uno de los l\u00edderes de la CGT: procesaron a Carlos Acu\u00f1a"},"content":{"rendered":"<article id=\"article-post\" class=\"first\">\n<div class=\"cuerpo\" data-twitter-link=\"https:\/\/twitter.com\/intent\/tweet?url=https:\/\/www.diariopopular.com.ar\/c814836&amp;via=poopulardiario&amp;related=Popular&amp;text=\">\n<p><strong>Carlos Acu\u00f1a,\u00a0<\/strong>uno de los integrantes del trinomio que conduce la\u00a0<strong>CGT,<\/strong>\u00a0fue procesado y embargado por\u00a0<strong>8 millones de pesos<\/strong>\u00a0por un bloqueo realizado en octubre de 2021 a una estaci\u00f3n de servicio ubicada en la avenida Jujuy y M\u00e9xico, en el barrio porte\u00f1o de Balvanera.<\/p>\n<\/div>\n<\/article>\n<article id=\"article-post\">\n<div class=\"cuerpo\" data-twitter-link=\"https:\/\/twitter.com\/intent\/tweet?url=https:\/\/www.diariopopular.com.ar\/c814836&amp;via=poopulardiario&amp;related=Popular&amp;text=\">\n<p>La medida fue adoptada este lunes por la\u00a0<strong>Sala 4 de la C\u00e1mara Nacional de Apelaciones en lo Criminal y Correccional,<\/strong>\u00a0que revoc\u00f3 el sobreseimiento judicial que lo hab\u00eda beneficiado en septiembre pasado.<\/p>\n<p>Con la firma de los jueces\u00a0<strong>Julio Marcelo Lucini, Pablo Guillermo Lucero e Ignacio Rodr\u00edguez Varela<\/strong>, en disidencia parcial, el fallo consider\u00f3 a Acu\u00f1a responsable del delito de coacci\u00f3n en calidad de autor y dispuso el embargo sobre sus bienes o dinero hasta cubrir la suma de 8 millones de pesos.<\/p>\n<p>Al dirigente sindical, titular del\u00a0<strong>Sindicato de Obreros de Estaciones de Servicios, GNC, Garajes, Playas de Estacionamiento y Lavaderos de Autos de la Capital Federal y Provincia de Buenos Aires (SOESGyPE),<\/strong>\u00a0lo acusaron por el bloqueo de una estaci\u00f3n de servicio el 21 de diciembre de 2021.<\/p>\n<p>En esa jornada, al frente de militantes de su gremio, Acu\u00f1a \u201cbloque\u00f3 los accesos a la playa e impidi\u00f3 trabajar a los empleados, retir\u00e1ndose reci\u00e9n a las 16.30\u2033.<\/p>\n<p>El sindicalista fue denunciado ante la Justicia por el empresario<strong>\u00a0Antonio Roberto Rizzo,<\/strong>\u00a0con el patrocinio de la abogada\u00a0<strong>Florencia Arietto,<\/strong>\u00a0por una serie de bloqueos dispuestos por unos 100 activistas de su sindicato durante dos d\u00edas, en forma simult\u00e1nea, en la estaci\u00f3n de servicio de la Ciudad de Buenos Aires y otras tres en los municipios bonaerenses de<strong>\u00a0Vicente L\u00f3pez, Lomas de Zamora y San Pedro.<\/strong><\/p>\n<p>Seg\u00fan la denuncia de la empresa, las protestas fueron realizadas por reclamos que estaban fuera de lo estipulado en el convenio y se centraron en estaciones de servicio enroladas en la\u00a0<strong>Federaci\u00f3n de Empresarios de Combustibles de la Rep\u00fablica Argentina (FECRA)<\/strong>\u00a0mientras se desarrollaban las negociaciones salariales de ese a\u00f1o, por lo cual \u201cel accionar delictual estaba perfectamente planificado al solo efecto de generar da\u00f1o y condicionar la discusi\u00f3n paritaria\u201d.<\/p>\n<p>En la sentencia, los camaristas recordaron que \u201cel 7 de septiembre de 2022, el juez de grado dict\u00f3 el sobreseimiento del imputado, pues sostuvo que las personas que efectuaron el bloqueo hab\u00edan ejercido l\u00edcitamente el derecho de protesta y de huelga amparado por el art\u00edculo 14 bis de la Constituci\u00f3n Nacional, ya que lo hicieron de manera pac\u00edfica, descartando as\u00ed la comisi\u00f3n de un delito\u201d.<\/p>\n<p>Mientras que esa decisi\u00f3n judicial fue revocado por la C\u00e1mara el 20 de octubre siguiente, \u201cordenando que se escuchara a Acu\u00f1a en declaraci\u00f3n indagatoria ya que la acci\u00f3n desplegada no se habr\u00eda tratado de una mera abstenci\u00f3n laboral, sino del bloqueo de las instalaciones, modalidad que en principio no contar\u00eda con amparo en el leg\u00edtimo ejercicio del derecho de huelga\u201d.<\/p>\n<p>Se agrega en el fallo: \u201cAdem\u00e1s, se resalt\u00f3 su car\u00e1cter coactivo, evidenciado en que no habr\u00eda existido un conflicto espec\u00edfico con los empleados de la empresa, sino de un reclamo general de los representantes gremiales, concretado para esas fechas en varias estaciones pertenecientes a autoridades de la Federaci\u00f3n de Empresarios de Combustibles de la Rep\u00fablica Argentina (FECRA) quienes deb\u00edan intervenir en las negociaciones paritarias en curso\u201d.<\/p>\n<p>Mientras que afirmaron en la sentencia, \u201cel imputado present\u00f3 un descargo en el que sostuvo que, m\u00e1s all\u00e1 de no haber presenciado el suceso, la medida se enmarc\u00f3 en las normas sindicales y el estatuto de la actividad y consisti\u00f3 en asambleas informativas pac\u00edficas\u201d, adem\u00e1s de que \u201cresalt\u00f3 que no se produjeron disturbios e incluso en los registros f\u00edlmicos se ve la personal policial caminar por all\u00ed y el ingreso de transe\u00fantes y rodados no presentaba inconvenientes ya que hab\u00edan dejado libre el primer carril de acceso al establecimiento, sobre la calle Jujuy\u201d.<\/p>\n<\/div>\n<\/article>\n","protected":false},"excerpt":{"rendered":"<p>Carlos Acu\u00f1a,\u00a0uno de los integrantes del trinomio que conduce la\u00a0CGT,\u00a0fue procesado y embargado por\u00a08 millones de pesos\u00a0por un bloqueo realizado<\/p>\n","protected":false},"author":1,"featured_media":20137,"comment_status":"closed","ping_status":"closed","sticky":false,"template":"","format":"standard","meta":{"footnotes":"","jetpack_publicize_message":"","jetpack_publicize_feature_enabled":true,"jetpack_social_post_already_shared":true,"jetpack_social_options":{"image_generator_settings":{"template":"highway","enabled":false},"version":2}},"categories":[4],"tags":[],"class_list":["post-20135","post","type-post","status-publish","format-standard","has-post-thumbnail","hentry","category-nacionales"],"jetpack_publicize_connections":[],"_links":{"self":[{"href":"https:\/\/diariorepublica.com.ar\/web\/index.php\/wp-json\/wp\/v2\/posts\/20135"}],"collection":[{"href":"https:\/\/diariorepublica.com.ar\/web\/index.php\/wp-json\/wp\/v2\/posts"}],"about":[{"href":"https:\/\/diariorepublica.com.ar\/web\/index.php\/wp-json\/wp\/v2\/types\/post"}],"author":[{"embeddable":true,"href":"https:\/\/diariorepublica.com.ar\/web\/index.php\/wp-json\/wp\/v2\/users\/1"}],"replies":[{"embeddable":true,"href":"https:\/\/diariorepublica.com.ar\/web\/index.php\/wp-json\/wp\/v2\/comments?post=20135"}],"version-history":[{"count":1,"href":"https:\/\/diariorepublica.com.ar\/web\/index.php\/wp-json\/wp\/v2\/posts\/20135\/revisions"}],"predecessor-version":[{"id":20136,"href":"https:\/\/diariorepublica.com.ar\/web\/index.php\/wp-json\/wp\/v2\/posts\/20135\/revisions\/20136"}],"wp:featuredmedia":[{"embeddable":true,"href":"https:\/\/diariorepublica.com.ar\/web\/index.php\/wp-json\/wp\/v2\/media\/20137"}],"wp:attachment":[{"href":"https:\/\/diariorepublica.com.ar\/web\/index.php\/wp-json\/wp\/v2\/media?parent=20135"}],"wp:term":[{"taxonomy":"category","embeddable":true,"href":"https:\/\/diariorepublica.com.ar\/web\/index.php\/wp-json\/wp\/v2\/categories?post=20135"},{"taxonomy":"post_tag","embeddable":true,"href":"https:\/\/diariorepublica.com.ar\/web\/index.php\/wp-json\/wp\/v2\/tags?post=20135"}],"curies":[{"name":"wp","href":"https:\/\/api.w.org\/{rel}","templated":true}]}}