{"id":20138,"date":"2024-11-12T00:57:00","date_gmt":"2024-11-12T03:57:00","guid":{"rendered":"https:\/\/diariorepublica.com.ar\/web\/?p=20138"},"modified":"2024-11-12T07:59:15","modified_gmt":"2024-11-12T10:59:15","slug":"catamarca-capital-postulada-para-el-50-congreso-de-agentes-de-viaje","status":"publish","type":"post","link":"https:\/\/diariorepublica.com.ar\/web\/index.php\/locales\/2024\/11\/12\/catamarca-capital-postulada-para-el-50-congreso-de-agentes-de-viaje\/","title":{"rendered":"Catamarca Capital, postulada para el 50\u00b0 Congreso de Agentes de Viaje"},"content":{"rendered":"<p>El intendente de la capital, Gustavo Saadi, se reuni\u00f3 con representantes de la Asociaci\u00f3n Nacional de Agencias de Viajes, la Federaci\u00f3n Argentina de Empresas de Viajes y Turismo (FAEVYT), y la Asociaci\u00f3n de Agencias de Viajes y Turismo de Catamarca (AAVYTCA).<\/p>\n<p>Tambi\u00e9n estuvieron presentes la secretaria de Gesti\u00f3n Tur\u00edstica de Catamarca, Evangelina Quarin, y el director de Calidad Tur\u00edstica, Gonzalo Nieto.<\/p>\n<p>La ciudad de San Fernando del Valle de Catamarca, se encuentra en la mira como posible sede del 50\u00b0 Congreso Nacional de Agencias de Viaje, previsto para 2025. Este prestigioso evento, que en su edici\u00f3n de 2024 tuvo como anfitriona a Puerto Madryn, promete reunir a cientos de profesionales del turismo de todo el pa\u00eds, quienes participar\u00e1n en talleres y equipos de trabajo focalizados en diversas tem\u00e1ticas relacionadas con la industria. Este evento re\u00fane a alrededor de 1.500 agencias de viaje de todo el pa\u00eds y rota entre distintas ciudades argentinas.<\/p>\n<p>Durante la reuni\u00f3n el Intendente Saadi destac\u00f3 la importancia de eventos como el congreso de agencias de viaje, se\u00f1alando que el municipio tiene como pol\u00edtica de estado el turismo. Subray\u00f3 que la uni\u00f3n de todas las agencias de viaje para promover el destino de Catamarca ser\u00e1 realmente significativa tanto para la ciudad como para la provincia, y expres\u00f3 su deseo de que este evento se pueda realizar en la capital catamarque\u00f1a<br \/>\nLos representantes destacaron que la decisi\u00f3n sobre la sede del congreso se conocer\u00e1 el 1\u00b0 de diciembre, y expresaron su entusiasmo por competir con postulaciones de otras provincias como San Juan y Entre R\u00edos. El intendente Saadi ofreci\u00f3 todo el apoyo necesario, incluyendo infraestructura y recursos humanos, para asegurar que Catamarca sea un gran anfitri\u00f3n para este significativo evento.<\/p>\n<p>Se anticipa que el congreso se realice a finales de mayo o principios de junio, aunque la fecha exacta se confirmar\u00e1 en diciembre. La expectativa es alta, ya que este congreso representa una oportunidad importante para posicionar a Catamarca como un destino tur\u00edstico relevante en el pa\u00eds.<\/p>\n<p>La postulaci\u00f3n respaldada por la Asociaci\u00f3n de Agencias de Viajes y Turismo de Catamarca (AAVYTCA) y el Ministerio de Cultura, Turismo y Deporte, representa una enorme oportunidad para posicionar a la provincia en materia tur\u00edstica y atraer la atenci\u00f3n de m\u00e1s de 1000 agencias de viajes que participan anualmente en este encuentro. FAEVYT \u2013 Federaci\u00f3n Argentina de Asociaciones de Empresas de Viajes y Turismo<\/p>\n<p>Durante su visita, los representantes de la \u2013 Federaci\u00f3n Argentina de Asociaciones de Empresas de Viajes y Turismo (FAEVYT) evaluaron diversas locaciones y hospedajes de la ciudad. La delegaci\u00f3n est\u00e1 compuesta por Gabriela Pe\u00f1a, secretaria de la federaci\u00f3n; Gerardo Belio, director ejecutivo de calidad tur\u00edstica de la provincia; y Abelardo Valdez, vicepresidente de la Regi\u00f3n Norte. En su recorrido por la ciudad, fueron acompa\u00f1ados por Cristian Fern\u00e1ndez, presidente de la Asociaci\u00f3n de Agencias de Viaje y Turismo de Catamarca (AAVYTCA).<\/p>\n<p>Acerca de la postulaci\u00f3n de Catamarca como sede para el 2025, Gerardo Belio coment\u00f3 \u00abesta decisi\u00f3n se debe al enorme impulso que est\u00e1 experimentando la regi\u00f3n norte en materia tur\u00edstica. Hasta ahora, la provincia ha demostrado estar completamente preparada para cumplir con todos nuestros requerimientos. Catamarca fue sede en 2017 y el cambio hasta la fecha es incre\u00edble, con espacios m\u00e1s amplios y<br \/>\nPor su parte In\u00e9s Gal\u00edndez, secretaria de Turismo y Desarrollo Econ\u00f3mico destac\u00f3: \u00abEste encuentro se trat\u00f3 principalmente de mostrarles las condiciones en las que se encuentra Catamarca para la realizaci\u00f3n del evento. Les contamos sobre el apoyo gubernamental con el que contamos y c\u00f3mo hemos trabajado en los \u00faltimos cinco a\u00f1os para poner en valor nuestra ciudad. Hemos mejorado los servicios tur\u00edsticos, las excursiones, el transporte y hemos potenciado los atractivos tur\u00edsticos que tenemos\u00bb.<\/p>\n<p>Adem\u00e1s, Gal\u00edndez enfatiz\u00f3 la importancia del evento no solo por su magnitud, sino tambi\u00e9n por su impacto en la visibilidad tur\u00edstica: \u00abEste evento tiene un doble impacto. No solo es una oportunidad para mostrar las bondades de Catamarca a trav\u00e9s de las agencias presentes, sino que tambi\u00e9n nos posiciona como un destino atractivo para futuros eventos nacionales\u00bb.<\/p>\n<p>La secretaria concluy\u00f3 afirmando que \u00abfue un encuentro altamente positivo\u00bb y reafirm\u00f3 el compromiso del municipio para apoyar a Avitca en su postulaci\u00f3n: \u00abEstamos compitiendo con otras sedes como Entre R\u00edos y San Juan, pero queremos que Catamarca sea elegida por todo lo que representa\u00bb.<br \/>\nSobre FAEVYT<\/p>\n<p>La Federaci\u00f3n Argentina de Asociaciones de Empresas de Viajes y Turismo (FAEVYT) opera desde hace m\u00e1s de 60 a\u00f1os como la entidad representativa de las m\u00e1s importantes agencias de viajes y turismo del pa\u00eds. Con 28 asociaciones regionales distribuidas en todo el territorio nacional, la federaci\u00f3n cuenta con m\u00e1s de 1800 operadores tur\u00edsticos y agencias de viajes como socios.<\/p>\n<p>Catamarca compite con Entre R\u00edos y San Juan para ser la anfitriona del congreso, y esta visita de fiscalizaci\u00f3n es un paso importante dentro del proceso de selecci\u00f3n, el cual ser\u00e1 anunciado el pr\u00f3ximo 1 de diciembre.<\/p>\n","protected":false},"excerpt":{"rendered":"<p>El intendente de la capital, Gustavo Saadi, se reuni\u00f3 con representantes de la Asociaci\u00f3n Nacional de Agencias de Viajes, la<\/p>\n","protected":false},"author":1,"featured_media":20139,"comment_status":"closed","ping_status":"closed","sticky":false,"template":"","format":"standard","meta":{"footnotes":"","jetpack_publicize_message":"","jetpack_publicize_feature_enabled":true,"jetpack_social_post_already_shared":true,"jetpack_social_options":{"image_generator_settings":{"template":"highway","enabled":false},"version":2}},"categories":[2],"tags":[],"class_list":["post-20138","post","type-post","status-publish","format-standard","has-post-thumbnail","hentry","category-locales"],"jetpack_publicize_connections":[],"_links":{"self":[{"href":"https:\/\/diariorepublica.com.ar\/web\/index.php\/wp-json\/wp\/v2\/posts\/20138"}],"collection":[{"href":"https:\/\/diariorepublica.com.ar\/web\/index.php\/wp-json\/wp\/v2\/posts"}],"about":[{"href":"https:\/\/diariorepublica.com.ar\/web\/index.php\/wp-json\/wp\/v2\/types\/post"}],"author":[{"embeddable":true,"href":"https:\/\/diariorepublica.com.ar\/web\/index.php\/wp-json\/wp\/v2\/users\/1"}],"replies":[{"embeddable":true,"href":"https:\/\/diariorepublica.com.ar\/web\/index.php\/wp-json\/wp\/v2\/comments?post=20138"}],"version-history":[{"count":1,"href":"https:\/\/diariorepublica.com.ar\/web\/index.php\/wp-json\/wp\/v2\/posts\/20138\/revisions"}],"predecessor-version":[{"id":20140,"href":"https:\/\/diariorepublica.com.ar\/web\/index.php\/wp-json\/wp\/v2\/posts\/20138\/revisions\/20140"}],"wp:featuredmedia":[{"embeddable":true,"href":"https:\/\/diariorepublica.com.ar\/web\/index.php\/wp-json\/wp\/v2\/media\/20139"}],"wp:attachment":[{"href":"https:\/\/diariorepublica.com.ar\/web\/index.php\/wp-json\/wp\/v2\/media?parent=20138"}],"wp:term":[{"taxonomy":"category","embeddable":true,"href":"https:\/\/diariorepublica.com.ar\/web\/index.php\/wp-json\/wp\/v2\/categories?post=20138"},{"taxonomy":"post_tag","embeddable":true,"href":"https:\/\/diariorepublica.com.ar\/web\/index.php\/wp-json\/wp\/v2\/tags?post=20138"}],"curies":[{"name":"wp","href":"https:\/\/api.w.org\/{rel}","templated":true}]}}