{"id":20166,"date":"2024-11-12T17:46:58","date_gmt":"2024-11-12T20:46:58","guid":{"rendered":"https:\/\/diariorepublica.com.ar\/web\/?p=20166"},"modified":"2024-11-12T17:47:00","modified_gmt":"2024-11-12T20:47:00","slug":"el-municipio-y-la-fundacion-ciudadano-circular-trabajan-por-un-futuro-sostenible","status":"publish","type":"post","link":"https:\/\/diariorepublica.com.ar\/web\/index.php\/sociedad\/2024\/11\/12\/el-municipio-y-la-fundacion-ciudadano-circular-trabajan-por-un-futuro-sostenible\/","title":{"rendered":"El municipio y la Fundaci\u00f3n Ciudadano Circular trabajan por un futuro sostenible"},"content":{"rendered":"<p dir=\"ltr\">El intendente Gustavo Saadi firm\u00f3 un convenio marco de cooperaci\u00f3n entre la Municipalidad de la Capital y la presidenta de la Organizaci\u00f3n no gubernamental (ONG) Fundaci\u00f3n Ciudadano Circular, Ver\u00f3nica Ribotta. Este acuerdo tiene como objetivo establecer un marco de colaboraci\u00f3n mutua que promueva la asistencia rec\u00edproca en los distintos \u00e1mbitos relacionados con el cuidado del medio ambiente.<\/p>\n<p dir=\"ltr\">El objetivo de este acuerdo, se centra en el refuerzo de los programas que el municipio ejecuta a trav\u00e9s de la Secretar\u00eda de Ambiente y Espacios P\u00fablicos. La reconocida organizaci\u00f3n sin fines de lucro brindar\u00e1 un valioso aporte en la aplicaci\u00f3n de las pol\u00edticas de sostenibilidad que ya se encuentran en marcha.<\/p>\n<p dir=\"ltr\">La Fundaci\u00f3n Ciudadano Circular acompa\u00f1ar\u00e1 al municipio de la Capital en la ejecuci\u00f3n de los proyectos iniciados para dar un acercamiento a\u00fan mayor con la gente por parte de la ONG que hace hincapi\u00e9 en la concientizaci\u00f3n, educaci\u00f3n y contacto con el vecino.<\/p>\n<p dir=\"ltr\">El desarrollo de programas conjuntos de educaci\u00f3n continua, el fomento del intercambio de informaci\u00f3n educativa y una comunicaci\u00f3n eficaz entre ambas instituciones ser\u00e1n uno de los ejes principales del convenio. La organizaci\u00f3n sin fines de lucro, est\u00e1 formada por un equipo de personas con vocaci\u00f3n de cambio hacia un nuevo paradigma de convivencia con el planeta.<\/p>\n<p dir=\"ltr\">Cabe destacar que, la cooperaci\u00f3n entre el municipio y la Fundaci\u00f3n Ciudadano Circular abarca diversas \u00e1reas espec\u00edficas, centr\u00e1ndose en la asistencia cient\u00edfica y acad\u00e9mica, as\u00ed como en el desarrollo cultural, dando prioridad al bienestar del medio ambiente. Adem\u00e1s, se buscar\u00e1 analizar e implementar alternativas innovadoras en las \u00e1reas de educaci\u00f3n, as\u00ed como en el desarrollo t\u00e9cnico, cient\u00edfico y tecnol\u00f3gico.<\/p>\n<p dir=\"ltr\">En este contexto, se establecer\u00e1 un intercambio en relaci\u00f3n a las acciones que lleva adelante el municipio a trav\u00e9s de su Secretar\u00eda de Ambiente y Espacios P\u00fablicos. Esto incluir\u00e1 la Gesti\u00f3n Integral de Residuos desde su Origen (GIRO), planificaci\u00f3n forestal, gesti\u00f3n de espacios verdes y otras iniciativas destinadas a la conservaci\u00f3n del entorno natural y la regeneraci\u00f3n de ecosistemas, todo ello en estricto cumplimiento con la normativa ambiental vigente a nivel nacional, provincial y municipal.<\/p>\n<p dir=\"ltr\">Acompa\u00f1aron al intendente, el secretario de Ambiente y Servicios Ciudadanos, Nicolas Acu\u00f1a, el director ejecutivo de la Fundaci\u00f3n Ciudadano Circular, Manuel Guerrero P\u00e9rez, entre otras autoridades presentes en la r\u00fabrica.<\/p>\n","protected":false},"excerpt":{"rendered":"<p>El intendente Gustavo Saadi firm\u00f3 un convenio marco de cooperaci\u00f3n entre la Municipalidad de la Capital y la presidenta de<\/p>\n","protected":false},"author":1,"featured_media":20167,"comment_status":"closed","ping_status":"closed","sticky":false,"template":"","format":"standard","meta":{"footnotes":"","jetpack_publicize_message":"","jetpack_publicize_feature_enabled":true,"jetpack_social_post_already_shared":true,"jetpack_social_options":{"image_generator_settings":{"template":"highway","enabled":false},"version":2}},"categories":[3],"tags":[],"class_list":["post-20166","post","type-post","status-publish","format-standard","has-post-thumbnail","hentry","category-sociedad"],"jetpack_publicize_connections":[],"_links":{"self":[{"href":"https:\/\/diariorepublica.com.ar\/web\/index.php\/wp-json\/wp\/v2\/posts\/20166"}],"collection":[{"href":"https:\/\/diariorepublica.com.ar\/web\/index.php\/wp-json\/wp\/v2\/posts"}],"about":[{"href":"https:\/\/diariorepublica.com.ar\/web\/index.php\/wp-json\/wp\/v2\/types\/post"}],"author":[{"embeddable":true,"href":"https:\/\/diariorepublica.com.ar\/web\/index.php\/wp-json\/wp\/v2\/users\/1"}],"replies":[{"embeddable":true,"href":"https:\/\/diariorepublica.com.ar\/web\/index.php\/wp-json\/wp\/v2\/comments?post=20166"}],"version-history":[{"count":1,"href":"https:\/\/diariorepublica.com.ar\/web\/index.php\/wp-json\/wp\/v2\/posts\/20166\/revisions"}],"predecessor-version":[{"id":20168,"href":"https:\/\/diariorepublica.com.ar\/web\/index.php\/wp-json\/wp\/v2\/posts\/20166\/revisions\/20168"}],"wp:featuredmedia":[{"embeddable":true,"href":"https:\/\/diariorepublica.com.ar\/web\/index.php\/wp-json\/wp\/v2\/media\/20167"}],"wp:attachment":[{"href":"https:\/\/diariorepublica.com.ar\/web\/index.php\/wp-json\/wp\/v2\/media?parent=20166"}],"wp:term":[{"taxonomy":"category","embeddable":true,"href":"https:\/\/diariorepublica.com.ar\/web\/index.php\/wp-json\/wp\/v2\/categories?post=20166"},{"taxonomy":"post_tag","embeddable":true,"href":"https:\/\/diariorepublica.com.ar\/web\/index.php\/wp-json\/wp\/v2\/tags?post=20166"}],"curies":[{"name":"wp","href":"https:\/\/api.w.org\/{rel}","templated":true}]}}