{"id":20217,"date":"2024-11-14T06:04:00","date_gmt":"2024-11-14T09:04:00","guid":{"rendered":"https:\/\/diariorepublica.com.ar\/web\/?p=20217"},"modified":"2024-11-14T09:01:07","modified_gmt":"2024-11-14T12:01:07","slug":"al-menos-un-muerto-tras-dos-explosiones-en-los-alrededores-de-la-corte-suprema-en-brasil","status":"publish","type":"post","link":"https:\/\/diariorepublica.com.ar\/web\/index.php\/internacionales\/2024\/11\/14\/al-menos-un-muerto-tras-dos-explosiones-en-los-alrededores-de-la-corte-suprema-en-brasil\/","title":{"rendered":"Al menos un muerto tras dos explosiones en los alrededores de la Corte Suprema en Brasil"},"content":{"rendered":"<p>Al menos una persona muri\u00f3 luego de que se registraran dos explosiones en los alrededores de la Corte Suprema de Justicia en la capital de Brasil.<\/p>\n<p>Los hechos ocurrieron cuando finalizaba una sesi\u00f3n plenaria en el tribunal y hasta el momento se desconocen las razones de lo ocurrido.<\/p>\n<p>En un comunicado, el Tribunal Supremo se\u00f1al\u00f3 que \u00abse escucharon dos fuertes estruendos al final de la sesi\u00f3n y los magistrados fueron retirados del edificio de forma segura\u00bb.<\/p>\n<p>Seg\u00fan la nota del m\u00e1ximo tribunal, tambi\u00e9n fueron desalojados los funcionarios y colaboradores como medida de precauci\u00f3n.<\/p>\n<p>Bomberos y polic\u00edas se acercaron al lugar de los hechos y aislaron la zona, donde tambi\u00e9n se encuentra la sede del Legislativo y el palacio de Planalto, sede de la Presidencia, donde se encontraba Lula da Silva.<\/p>\n<p>Seg\u00fan un testigo de los hechos citados por medios locales,\u00a0<strong>un hombre arroj\u00f3 una artefacto explosivo contra la estatua<\/strong>\u00a0ubicada frente a la sede de la Corte Suprema y que representa a la Justicia.<\/p>\n<p>Pocos segundos despu\u00e9s, se registr\u00f3\u00a0<strong>otra explosi\u00f3n en un auto<\/strong>\u00a0que estaba en un estacionamiento cercano a la C\u00e1mara de Diputados, pero la polic\u00eda a\u00fan no ha establecido relaci\u00f3n entre las dos explosiones.<\/p>\n","protected":false},"excerpt":{"rendered":"<p>Al menos una persona muri\u00f3 luego de que se registraran dos explosiones en los alrededores de la Corte Suprema de<\/p>\n","protected":false},"author":1,"featured_media":20218,"comment_status":"closed","ping_status":"closed","sticky":false,"template":"","format":"standard","meta":{"footnotes":"","jetpack_publicize_message":"","jetpack_publicize_feature_enabled":true,"jetpack_social_post_already_shared":true,"jetpack_social_options":{"image_generator_settings":{"template":"highway","enabled":false},"version":2}},"categories":[6],"tags":[],"class_list":["post-20217","post","type-post","status-publish","format-standard","has-post-thumbnail","hentry","category-internacionales"],"jetpack_publicize_connections":[],"_links":{"self":[{"href":"https:\/\/diariorepublica.com.ar\/web\/index.php\/wp-json\/wp\/v2\/posts\/20217"}],"collection":[{"href":"https:\/\/diariorepublica.com.ar\/web\/index.php\/wp-json\/wp\/v2\/posts"}],"about":[{"href":"https:\/\/diariorepublica.com.ar\/web\/index.php\/wp-json\/wp\/v2\/types\/post"}],"author":[{"embeddable":true,"href":"https:\/\/diariorepublica.com.ar\/web\/index.php\/wp-json\/wp\/v2\/users\/1"}],"replies":[{"embeddable":true,"href":"https:\/\/diariorepublica.com.ar\/web\/index.php\/wp-json\/wp\/v2\/comments?post=20217"}],"version-history":[{"count":1,"href":"https:\/\/diariorepublica.com.ar\/web\/index.php\/wp-json\/wp\/v2\/posts\/20217\/revisions"}],"predecessor-version":[{"id":20219,"href":"https:\/\/diariorepublica.com.ar\/web\/index.php\/wp-json\/wp\/v2\/posts\/20217\/revisions\/20219"}],"wp:featuredmedia":[{"embeddable":true,"href":"https:\/\/diariorepublica.com.ar\/web\/index.php\/wp-json\/wp\/v2\/media\/20218"}],"wp:attachment":[{"href":"https:\/\/diariorepublica.com.ar\/web\/index.php\/wp-json\/wp\/v2\/media?parent=20217"}],"wp:term":[{"taxonomy":"category","embeddable":true,"href":"https:\/\/diariorepublica.com.ar\/web\/index.php\/wp-json\/wp\/v2\/categories?post=20217"},{"taxonomy":"post_tag","embeddable":true,"href":"https:\/\/diariorepublica.com.ar\/web\/index.php\/wp-json\/wp\/v2\/tags?post=20217"}],"curies":[{"name":"wp","href":"https:\/\/api.w.org\/{rel}","templated":true}]}}