{"id":20277,"date":"2024-11-19T08:05:00","date_gmt":"2024-11-19T11:05:00","guid":{"rendered":"https:\/\/diariorepublica.com.ar\/web\/?p=20277"},"modified":"2024-11-19T08:47:06","modified_gmt":"2024-11-19T11:47:06","slug":"en-el-marco-del-g20-milei-se-reune-con-xi-jinping","status":"publish","type":"post","link":"https:\/\/diariorepublica.com.ar\/web\/index.php\/politica\/2024\/11\/19\/en-el-marco-del-g20-milei-se-reune-con-xi-jinping\/","title":{"rendered":"En el marco del G20, Milei se re\u00fane con Xi Jinping"},"content":{"rendered":"<article id=\"article-post\" class=\"first\">\n<div class=\"cuerpo\" data-twitter-link=\"https:\/\/twitter.com\/intent\/tweet?url=https:\/\/www.diariopopular.com.ar\/c816086&amp;via=poopulardiario&amp;related=Popular&amp;text=\">\n<p>El presidente\u00a0<strong>Javier Milei<\/strong>\u00a0se reunir\u00e1 este martes con su par de China,\u00a0<strong>Xi Jinping<\/strong>, en el marco de la cumbre del G20 que se realiza en R\u00edo de Janeiro, Brasil.<\/p>\n<\/div>\n<\/article>\n<article id=\"article-post\">\n<div class=\"cuerpo\" data-twitter-link=\"https:\/\/twitter.com\/intent\/tweet?url=https:\/\/www.diariopopular.com.ar\/c816086&amp;via=poopulardiario&amp;related=Popular&amp;text=\">\n<p>Despu\u00e9s de haber participado este lunes del Plenario de Jefes de Estado y de haber incorporado a la Argentina a la Alianza Global Contra el Hambre y la Pobreza promovida por Brasil, Milei mantendr\u00e1 este martes, en el segundo y \u00faltimo d\u00eda del encuentro, distintas reuniones bilaterales con l\u00edderes del mundo y empresarios.<\/p>\n<p><strong>A las 10.20 ser\u00e1 la reuni\u00f3n con Xi Jinping<\/strong>, que es la que genera mayor expectativa, mientras\u00a0<strong>a las 11.30 ser\u00e1 el turno de la cita con la directora del FMI, Kristalina Georgieva<\/strong>. A las 12, en tanto, el Presidente mantendr\u00e1 un encuentro con el primer ministro de la India, Narendra Modi, informaron fuentes oficiales.<\/p>\n<p>La \u00faltima reuni\u00f3n bilateral de la jornada ser\u00e1 a las 13 con el gerente general de la empresa italiana Enel, Flavio Cattaneo.<\/p>\n<p>A las 15 partir\u00e1 el vuelo que conducir\u00e1 a Milei de regreso a Buenos Aires, inform\u00f3 Presidencia.<\/p>\n<\/div>\n<\/article>\n","protected":false},"excerpt":{"rendered":"<p>El presidente\u00a0Javier Milei\u00a0se reunir\u00e1 este martes con su par de China,\u00a0Xi Jinping, en el marco de la cumbre del G20<\/p>\n","protected":false},"author":1,"featured_media":20278,"comment_status":"closed","ping_status":"closed","sticky":false,"template":"","format":"standard","meta":{"footnotes":"","jetpack_publicize_message":"","jetpack_publicize_feature_enabled":true,"jetpack_social_post_already_shared":true,"jetpack_social_options":{"image_generator_settings":{"template":"highway","enabled":false},"version":2}},"categories":[12],"tags":[],"class_list":["post-20277","post","type-post","status-publish","format-standard","has-post-thumbnail","hentry","category-politica"],"jetpack_publicize_connections":[],"_links":{"self":[{"href":"https:\/\/diariorepublica.com.ar\/web\/index.php\/wp-json\/wp\/v2\/posts\/20277"}],"collection":[{"href":"https:\/\/diariorepublica.com.ar\/web\/index.php\/wp-json\/wp\/v2\/posts"}],"about":[{"href":"https:\/\/diariorepublica.com.ar\/web\/index.php\/wp-json\/wp\/v2\/types\/post"}],"author":[{"embeddable":true,"href":"https:\/\/diariorepublica.com.ar\/web\/index.php\/wp-json\/wp\/v2\/users\/1"}],"replies":[{"embeddable":true,"href":"https:\/\/diariorepublica.com.ar\/web\/index.php\/wp-json\/wp\/v2\/comments?post=20277"}],"version-history":[{"count":1,"href":"https:\/\/diariorepublica.com.ar\/web\/index.php\/wp-json\/wp\/v2\/posts\/20277\/revisions"}],"predecessor-version":[{"id":20279,"href":"https:\/\/diariorepublica.com.ar\/web\/index.php\/wp-json\/wp\/v2\/posts\/20277\/revisions\/20279"}],"wp:featuredmedia":[{"embeddable":true,"href":"https:\/\/diariorepublica.com.ar\/web\/index.php\/wp-json\/wp\/v2\/media\/20278"}],"wp:attachment":[{"href":"https:\/\/diariorepublica.com.ar\/web\/index.php\/wp-json\/wp\/v2\/media?parent=20277"}],"wp:term":[{"taxonomy":"category","embeddable":true,"href":"https:\/\/diariorepublica.com.ar\/web\/index.php\/wp-json\/wp\/v2\/categories?post=20277"},{"taxonomy":"post_tag","embeddable":true,"href":"https:\/\/diariorepublica.com.ar\/web\/index.php\/wp-json\/wp\/v2\/tags?post=20277"}],"curies":[{"name":"wp","href":"https:\/\/api.w.org\/{rel}","templated":true}]}}