{"id":20289,"date":"2024-11-19T10:32:59","date_gmt":"2024-11-19T13:32:59","guid":{"rendered":"https:\/\/diariorepublica.com.ar\/web\/?p=20289"},"modified":"2024-11-19T10:33:01","modified_gmt":"2024-11-19T13:33:01","slug":"el-senado-homenajeo-al-artista-ricardo-dalla-lasta","status":"publish","type":"post","link":"https:\/\/diariorepublica.com.ar\/web\/index.php\/locales\/2024\/11\/19\/el-senado-homenajeo-al-artista-ricardo-dalla-lasta\/","title":{"rendered":"El Senado homenaje\u00f3 al artista Ricardo Dalla Lasta"},"content":{"rendered":"<p>La Biblioteca del Senado fue el marco donde, con la presencia de la senadora Romina Williams, se llev\u00f3 a cabo el homenaje al escultor catamarque\u00f1o Ricardo Dalla Lasta, declarando de Inter\u00e9s para la Vicegobernaci\u00f3n de la Provincia y la C\u00e1mara de Senadores la trayectoria de este artista y docente destacado como uno de los escultores m\u00e1s completos del arte argentino.<\/p>\n<p>En un emotivo encuentro donde el artista catamarque\u00f1o Ra\u00fal Guzm\u00e1n tuvo la oportunidad de expresar sus palabras para el artista homenajeado, frente a sus familiares as\u00ed como a todas y todos los presentes, el Senado de Catamarca reconoci\u00f3 a uno de sus referentes de la cultura, valorando el aporte que su paso significa para la identidad de la provincia.<\/p>\n<p><b>Sobre el artista<\/b><\/p>\n<p>Poseedor de una imaginaci\u00f3n privilegiada, su talento se manifest\u00f3 prematuramente. Desde peque\u00f1o modelaba figuras con arcilla, jab\u00f3n, masa, tallaba cualquier material que estuviera a su alcance, o dibujaba a sus hermanos, mientras \u00e9stos jugaban al f\u00fatbol. A veces, les ped\u00eda que posaran para representarlos en arcilla.<br \/>\nLa orientaci\u00f3n art\u00edstica tuvo una definici\u00f3n temprana, constituyendo un rasgo familiar heredado de algunos t\u00edos que de igual modo, cultivaron el arte. Afortunadamente, sus padres lo alentaron, y lo acompa\u00f1aron al taller de uno de ellos: Hernando Dalla Lasta, destacado pintor y escultor. Advertidos de su incipiente talento, tambi\u00e9n fomentaron su participaci\u00f3n en reuniones convocadas con artistas del noroeste, Cuyo y Buenos Aires, \u00e1mbitos donde su vocaci\u00f3n se fue afirmando. Pronto vendr\u00eda la confirmaci\u00f3n indubitable de sus dotes: A los catorce a\u00f1os gan\u00f3 el Segundo Premio Escultura Provincia de Catamarca, luego adquiri\u00f3 otras distinciones en la misma ciudad. Sin duda contribuy\u00f3 a su formaci\u00f3n haber sido ayudante de Roberto Gray, quien le transmiti\u00f3 algunas caracter\u00edsticas propias de la talla en madera, t\u00e9cnica que tan bien dominaba ese artista. Concluidos sus estudios secundarios, se traslad\u00f3 a nuestra ciudad para emprender sistem\u00e1ticamente estudios de arte. Entonces conoci\u00f3 a Virginia de Santiba\u00f1es, y juntos formaron una familia que se prolong\u00f3 en cuatro hijos y siete nietos.<\/p>\n<p>Tuvo maestros de gran val\u00eda como Aurelio Macchi y Antonio Puj\u00eda, quienes con certero criterio lograron guiarlo en el camino que profesionalmente estaba iniciando, y por los que siempre mantendr\u00eda gratitud y admiraci\u00f3n.<br \/>\nSe gradu\u00f3 como Profesor Superior en Escultura, y pronto inaugur\u00f3 la otra afici\u00f3n que signar\u00eda su vida: la docencia. Durante m\u00e1s de cuarenta a\u00f1os prodig\u00f3 generosamente su saber en la Facultad de Arte, en el Bachillerato de Bellas Artes, en la Escuela Provincial de Arte de Magdalena y en la Escuela de Arte de Berisso, donde tambi\u00e9n ejerci\u00f3 como director. Tarea que altern\u00f3 siempre con su taller, un reducto dise\u00f1ado por \u00e9l en el parque, como prolongaci\u00f3n del hogar: Amplio, luminoso, tan apto para la creaci\u00f3n y sus elevadas aspiraciones.<br \/>\nAlgunos de sus mejores alumnos fueron convocados para colaborar con \u00e9l, al tiempo que les infund\u00eda su pasi\u00f3n por el arte.<\/p>\n<p>Su otro lugar en el mundo, adem\u00e1s del taller, fue su casa de verano en Catamarca, la cual visit\u00f3 frecuentemente junto a su propia familia, hermanos, familiares pol\u00edticos y sobrinos. All\u00ed pescaba, cabalgaba y disfrutaba de la naturaleza, sin dejar de lado el arte, pues en cualquier \u00e1mbito, tomaba el l\u00e1piz y bosquejaba a los habitantes u objetos de su entorno. A\u00fan sin electricidad, por la noche, cuando sus hijos y sobrinos eran ni\u00f1os, los reun\u00eda bajo la luz del farol o de las estrellas, para contarles las historias de Isidro Sanduay y su mula. Tambi\u00e9n se juntaba en guitarreadas con amigos de su tierra catamarque\u00f1a.<br \/>\n<b><br \/>\nObras ic\u00f3nicas<\/b><\/p>\n<p>Su obra \u201cEl monumento al gaucho\u201d se ha constituido en un icono de la ciudad de La Plata, as\u00ed como \u201cLas manos\u201d, \u201cEl busto del general Manuel Belgrano\u201d, \u201cEl monumento a Mariano Moreno\u201d entre otras<\/p>\n","protected":false},"excerpt":{"rendered":"<p>La Biblioteca del Senado fue el marco donde, con la presencia de la senadora Romina Williams, se llev\u00f3 a cabo<\/p>\n","protected":false},"author":1,"featured_media":20290,"comment_status":"closed","ping_status":"closed","sticky":false,"template":"","format":"standard","meta":{"footnotes":"","jetpack_publicize_message":"","jetpack_publicize_feature_enabled":true,"jetpack_social_post_already_shared":true,"jetpack_social_options":{"image_generator_settings":{"template":"highway","enabled":false},"version":2}},"categories":[2],"tags":[],"class_list":["post-20289","post","type-post","status-publish","format-standard","has-post-thumbnail","hentry","category-locales"],"jetpack_publicize_connections":[],"_links":{"self":[{"href":"https:\/\/diariorepublica.com.ar\/web\/index.php\/wp-json\/wp\/v2\/posts\/20289"}],"collection":[{"href":"https:\/\/diariorepublica.com.ar\/web\/index.php\/wp-json\/wp\/v2\/posts"}],"about":[{"href":"https:\/\/diariorepublica.com.ar\/web\/index.php\/wp-json\/wp\/v2\/types\/post"}],"author":[{"embeddable":true,"href":"https:\/\/diariorepublica.com.ar\/web\/index.php\/wp-json\/wp\/v2\/users\/1"}],"replies":[{"embeddable":true,"href":"https:\/\/diariorepublica.com.ar\/web\/index.php\/wp-json\/wp\/v2\/comments?post=20289"}],"version-history":[{"count":1,"href":"https:\/\/diariorepublica.com.ar\/web\/index.php\/wp-json\/wp\/v2\/posts\/20289\/revisions"}],"predecessor-version":[{"id":20291,"href":"https:\/\/diariorepublica.com.ar\/web\/index.php\/wp-json\/wp\/v2\/posts\/20289\/revisions\/20291"}],"wp:featuredmedia":[{"embeddable":true,"href":"https:\/\/diariorepublica.com.ar\/web\/index.php\/wp-json\/wp\/v2\/media\/20290"}],"wp:attachment":[{"href":"https:\/\/diariorepublica.com.ar\/web\/index.php\/wp-json\/wp\/v2\/media?parent=20289"}],"wp:term":[{"taxonomy":"category","embeddable":true,"href":"https:\/\/diariorepublica.com.ar\/web\/index.php\/wp-json\/wp\/v2\/categories?post=20289"},{"taxonomy":"post_tag","embeddable":true,"href":"https:\/\/diariorepublica.com.ar\/web\/index.php\/wp-json\/wp\/v2\/tags?post=20289"}],"curies":[{"name":"wp","href":"https:\/\/api.w.org\/{rel}","templated":true}]}}