{"id":20297,"date":"2024-11-19T17:08:55","date_gmt":"2024-11-19T20:08:55","guid":{"rendered":"https:\/\/diariorepublica.com.ar\/web\/?p=20297"},"modified":"2024-11-19T17:08:57","modified_gmt":"2024-11-19T20:08:57","slug":"gerardo-martino-dejo-de-ser-el-entrenador-de-inter-miami","status":"publish","type":"post","link":"https:\/\/diariorepublica.com.ar\/web\/index.php\/deportes\/2024\/11\/19\/gerardo-martino-dejo-de-ser-el-entrenador-de-inter-miami\/","title":{"rendered":"Gerardo Martino dej\u00f3 de ser el entrenador de Inter Miami"},"content":{"rendered":"<p>Gerardo Martino dej\u00f3 de ser el director t\u00e9cnico de Inter Miami. El rosarino tom\u00f3 la decisi\u00f3n luego de la eliminaci\u00f3n del equipo de Lionel Messi en la MLS ante Atlanta United en los playoffs. El Tata se va del equipo rosa luego de ganar dos t\u00edtulos y obtener la clasificaci\u00f3n al Mundial de Clubes.<\/p>\n\n\n<p><\/p>\n","protected":false},"excerpt":{"rendered":"<p>Gerardo Martino dej\u00f3 de ser el director t\u00e9cnico de Inter Miami. El rosarino tom\u00f3 la decisi\u00f3n luego de la eliminaci\u00f3n<\/p>\n","protected":false},"author":1,"featured_media":20298,"comment_status":"closed","ping_status":"closed","sticky":false,"template":"","format":"standard","meta":{"footnotes":"","jetpack_publicize_message":"","jetpack_publicize_feature_enabled":true,"jetpack_social_post_already_shared":true,"jetpack_social_options":{"image_generator_settings":{"template":"highway","enabled":false},"version":2}},"categories":[9],"tags":[],"class_list":["post-20297","post","type-post","status-publish","format-standard","has-post-thumbnail","hentry","category-deportes"],"jetpack_publicize_connections":[],"_links":{"self":[{"href":"https:\/\/diariorepublica.com.ar\/web\/index.php\/wp-json\/wp\/v2\/posts\/20297"}],"collection":[{"href":"https:\/\/diariorepublica.com.ar\/web\/index.php\/wp-json\/wp\/v2\/posts"}],"about":[{"href":"https:\/\/diariorepublica.com.ar\/web\/index.php\/wp-json\/wp\/v2\/types\/post"}],"author":[{"embeddable":true,"href":"https:\/\/diariorepublica.com.ar\/web\/index.php\/wp-json\/wp\/v2\/users\/1"}],"replies":[{"embeddable":true,"href":"https:\/\/diariorepublica.com.ar\/web\/index.php\/wp-json\/wp\/v2\/comments?post=20297"}],"version-history":[{"count":1,"href":"https:\/\/diariorepublica.com.ar\/web\/index.php\/wp-json\/wp\/v2\/posts\/20297\/revisions"}],"predecessor-version":[{"id":20299,"href":"https:\/\/diariorepublica.com.ar\/web\/index.php\/wp-json\/wp\/v2\/posts\/20297\/revisions\/20299"}],"wp:featuredmedia":[{"embeddable":true,"href":"https:\/\/diariorepublica.com.ar\/web\/index.php\/wp-json\/wp\/v2\/media\/20298"}],"wp:attachment":[{"href":"https:\/\/diariorepublica.com.ar\/web\/index.php\/wp-json\/wp\/v2\/media?parent=20297"}],"wp:term":[{"taxonomy":"category","embeddable":true,"href":"https:\/\/diariorepublica.com.ar\/web\/index.php\/wp-json\/wp\/v2\/categories?post=20297"},{"taxonomy":"post_tag","embeddable":true,"href":"https:\/\/diariorepublica.com.ar\/web\/index.php\/wp-json\/wp\/v2\/tags?post=20297"}],"curies":[{"name":"wp","href":"https:\/\/api.w.org\/{rel}","templated":true}]}}