{"id":20342,"date":"2024-11-21T14:05:00","date_gmt":"2024-11-21T17:05:00","guid":{"rendered":"https:\/\/diariorepublica.com.ar\/web\/?p=20342"},"modified":"2024-11-21T08:06:01","modified_gmt":"2024-11-21T11:06:01","slug":"los-pumas-ya-tienen-equipo-para-enfrentar-el-viernes-a-francia","status":"publish","type":"post","link":"https:\/\/diariorepublica.com.ar\/web\/index.php\/deportes\/2024\/11\/21\/los-pumas-ya-tienen-equipo-para-enfrentar-el-viernes-a-francia\/","title":{"rendered":"Los Pumas ya tienen equipo para enfrentar el viernes a Francia"},"content":{"rendered":"<p>El entrenador de Los Pumas Felipe Contepomi, confirm\u00f3 la formaci\u00f3n para el partido ante Francia, que se jugar\u00e1 el viernes a las 17 (hora argentina) en el Stade de France.<\/p>\n<p>En el equipo titular, la \u00fanica modificaci\u00f3n con respecto al equipo que enfrent\u00f3 a Irlanda, es el ingreso de Gonzalo Garc\u00eda como medio scrum en lugar de Gonzalo Bertranou, siendo as\u00ed su segunda titularidad del a\u00f1o.<\/p>\n<p>Entre las novedades del plantel, se destacan los regresos de Marcos Kremer y Mateo Carreras, quienes se sumar\u00e1n desde el banco de suplentes. Kremer vuelve tras recuperarse de una lesi\u00f3n en la rodilla, mientras que Carreras regresa luego de su ausencia para presenciar el nacimiento de su hijo.<\/p>\n<p>Ambos jugadores son piezas claves en el esquema del equipo y buscar\u00e1n aportar calidad desde el relevo. Lautaro Baz\u00e1n V\u00e9lez tambi\u00e9n estar\u00e1 en los suplentes como medio scrum.<\/p>\n<p>El equipo titular de Los Pumas ser\u00e1: Thomas Gallo, Juli\u00e1n Montoya (c) y Joel Sclavi; Pedro Rubiolo, Guido Petti; Pablo Matera, Joaqu\u00edn Oviedo, Juan Mart\u00edn Gonz\u00e1lez; Gonzalo Garc\u00eda, Tom\u00e1s Albornoz; Bautista Delguy, Mat\u00edas Moroni, Lucio Cinti, Rodrigo Isgr\u00f3; Juan Cruz Mall\u00eda.<\/p>\n<p>En tanto, los suplentes son: Ignacio Ruiz, Ignacio Calles, Francisco G\u00f3mez Kodela, Franco Molina, Marcos Kremer, Lautaro Baz\u00e1n V\u00e9lez, Santiago Carreras y Mateo Carreras.<\/p>\n<p>Contepomi destac\u00f3 el gran desaf\u00edo que representa enfrentar a un equipo como Francia, especialmente por la presencia de Antoine Dupont, considerado el mejor jugador del mundo.<\/p>\n<p>Sin embargo, el entrenador argentino recalc\u00f3 la importancia de enfocarse en el juego colectivo de Los Pumas y no solo en las individualidades del rival: \u00abSi logramos que ellos se preocupen por nosotros, tendremos chances\u00bb, expres\u00f3 en la conferencia de prensa.<\/p>\n<p>El Stade de France trae recuerdos mixtos para Los Pumas, quienes no vencen a Francia en Par\u00eds desde 2014. Adem\u00e1s, este escenario fue testigo de su paso por semifinales y la definici\u00f3n por el tercer puesto en el \u00faltimo Mundial.<\/p>\n<p>Con un pron\u00f3stico de lluvia para el viernes, el capit\u00e1n Juli\u00e1n Montoya remarc\u00f3 que el equipo deber\u00e1 adaptarse al clima, un desaf\u00edo recurrente en la temporada.<\/p>\n<p>Este partido cierra un a\u00f1o de marcada evoluci\u00f3n para el seleccionado argentino, que arranc\u00f3 un nuevo ciclo bajo el mando de Contepomi con victorias memorables ante equipos como Nueva Zelanda, Sud\u00e1frica y Australia.<\/p>\n","protected":false},"excerpt":{"rendered":"<p>El entrenador de Los Pumas Felipe Contepomi, confirm\u00f3 la formaci\u00f3n para el partido ante Francia, que se jugar\u00e1 el viernes<\/p>\n","protected":false},"author":1,"featured_media":20343,"comment_status":"closed","ping_status":"closed","sticky":false,"template":"","format":"standard","meta":{"footnotes":"","jetpack_publicize_message":"","jetpack_publicize_feature_enabled":true,"jetpack_social_post_already_shared":true,"jetpack_social_options":{"image_generator_settings":{"template":"highway","enabled":false},"version":2}},"categories":[9],"tags":[],"class_list":["post-20342","post","type-post","status-publish","format-standard","has-post-thumbnail","hentry","category-deportes"],"jetpack_publicize_connections":[],"_links":{"self":[{"href":"https:\/\/diariorepublica.com.ar\/web\/index.php\/wp-json\/wp\/v2\/posts\/20342"}],"collection":[{"href":"https:\/\/diariorepublica.com.ar\/web\/index.php\/wp-json\/wp\/v2\/posts"}],"about":[{"href":"https:\/\/diariorepublica.com.ar\/web\/index.php\/wp-json\/wp\/v2\/types\/post"}],"author":[{"embeddable":true,"href":"https:\/\/diariorepublica.com.ar\/web\/index.php\/wp-json\/wp\/v2\/users\/1"}],"replies":[{"embeddable":true,"href":"https:\/\/diariorepublica.com.ar\/web\/index.php\/wp-json\/wp\/v2\/comments?post=20342"}],"version-history":[{"count":1,"href":"https:\/\/diariorepublica.com.ar\/web\/index.php\/wp-json\/wp\/v2\/posts\/20342\/revisions"}],"predecessor-version":[{"id":20344,"href":"https:\/\/diariorepublica.com.ar\/web\/index.php\/wp-json\/wp\/v2\/posts\/20342\/revisions\/20344"}],"wp:featuredmedia":[{"embeddable":true,"href":"https:\/\/diariorepublica.com.ar\/web\/index.php\/wp-json\/wp\/v2\/media\/20343"}],"wp:attachment":[{"href":"https:\/\/diariorepublica.com.ar\/web\/index.php\/wp-json\/wp\/v2\/media?parent=20342"}],"wp:term":[{"taxonomy":"category","embeddable":true,"href":"https:\/\/diariorepublica.com.ar\/web\/index.php\/wp-json\/wp\/v2\/categories?post=20342"},{"taxonomy":"post_tag","embeddable":true,"href":"https:\/\/diariorepublica.com.ar\/web\/index.php\/wp-json\/wp\/v2\/tags?post=20342"}],"curies":[{"name":"wp","href":"https:\/\/api.w.org\/{rel}","templated":true}]}}