{"id":20365,"date":"2024-11-22T00:13:00","date_gmt":"2024-11-22T03:13:00","guid":{"rendered":"https:\/\/diariorepublica.com.ar\/web\/?p=20365"},"modified":"2024-11-22T07:14:38","modified_gmt":"2024-11-22T10:14:38","slug":"la-camara-de-senadores-de-la-provincia-realizo-este-jueves-su-26-sesion-ordinaria","status":"publish","type":"post","link":"https:\/\/diariorepublica.com.ar\/web\/index.php\/locales\/2024\/11\/22\/la-camara-de-senadores-de-la-provincia-realizo-este-jueves-su-26-sesion-ordinaria\/","title":{"rendered":"La C\u00e1mara de Senadores de la provincia realiz\u00f3 este jueves su 26\u00b0 Sesi\u00f3n Ordinaria"},"content":{"rendered":"<p>e acuerdo con el Orden del D\u00eda fijado para la jornada, el Pleno dio tratamiento y posterior aprobaci\u00f3n a diversas iniciativas con despacho de Comisi\u00f3n.<br \/><br \/>Entre las leyes tratadas se otorg\u00f3 media sanci\u00f3n al proyecto autor\u00eda del senador Antonio Camposano mediante el cual se promueve Declarar de Utilidad P\u00fablica y Sujeto a Expropiaci\u00f3n una fracci\u00f3n de terreno, parte de la mayor extensi\u00f3n de la parcela identificada con la Matr\u00edcula Catastral N\u00b0 13-25-37-8057, Padr\u00f3n N\u00b0 640, ubicada en el Departamento Santa Mar\u00eda destin\u00e1ndose dicha expropiaci\u00f3n a la aplicaci\u00f3n y puesta en valor del Parque Arqueol\u00f3gico Rinc\u00f3n Chico, Paisaje Arqueol\u00f3gico y Lugar Sagrado.<br \/><br \/>\u201cLa conservaci\u00f3n y promoci\u00f3n con un adecuado plan de manejo de este sitio arqueol\u00f3gico: Lugar Sagrado &#8216;\u2018Rinc\u00f3n Chico\u00bb, ser\u00eda de infinita importancia para el desarrollo local del departamento y para la observaci\u00f3n y divulgaci\u00f3n del patrimonio material e inmaterial regional de la Provincia de Catamarca\u201d pronunci\u00f3 el senador santamariano.<br \/><br \/>De igual manera, por impulso del senador Ram\u00f3n Figueroa Castellanos, el Cuerpo aprob\u00f3 y gir\u00f3 a la C\u00e1mara Baja el proyecto de Ley que busca establecer las normas sanitarias m\u00ednimas para la pr\u00e1ctica del tatuaje y perforaciones corporales, en todo el territorio de la provincia de Catamarca.<br \/><br \/>Seg\u00fan explic\u00f3 el Legislador, la iniciativa tiene la finalidad de proteger, informar, prevenir y salvaguardar la salud de todas aquellas personas que utilicen este servicio, y proteger tanto a los usuarios, como a las personas\/ artistas que trabajan en este rubro, desde la prevenci\u00f3n y promoci\u00f3n de la salud.<br \/><br \/>Entre otras medidas, el proyecto promueve la creaci\u00f3n de un registro de las personas que hagan del tatuaje y el piercing su oficio habitual, el dictado de cursos ordenados a instruir a los mismos en cuestiones b\u00e1sicas como nociones de anatom\u00eda de la dermis, primeros auxilios, esterilizaci\u00f3n de materiales, el listado de las pinturas o pigmentos que puedan utilizarse para plasmar tatuajes sobre la piel que no causen da\u00f1os a la dermis; como asimismo del material apto para realizar un piercing.<br \/><br \/>En virtud de la iniciativa presentada por el senador Augusto Ojeda, la C\u00e1mara Alta convirti\u00f3 en Ley N\u00b05891 por la que se establece el 24 de diciembre de 1748, como fecha de fundaci\u00f3n del Departamento El Alto, tomando como base la fecha que se crean los Curatos del Alto y Ancasti.<br \/><br \/>Conforme al articulado se incorpora dicha fecha al calendario de efem\u00e9rides oficiales de la Provincia de Catamarca, as\u00ed como disponer la realizaci\u00f3n de actividades alusivas en todos los establecimientos escolares del Sistema Educativo del Departamento El Alto.<br \/><br \/>Contando con media sanci\u00f3n de la C\u00e1mara de Diputados, el Senado convirti\u00f3 en Ley N\u00b0 5892 el proyecto promovido por la diputada Mar\u00eda Argerich sobre instituir el Sistema de C\u00f3digo QR en la zona de ingreso de cada uno de los municipios existentes y el municipio que en el futuro fuera creado con jurisdicci\u00f3n en el territorio catamarque\u00f1o, a fin de brindar informaci\u00f3n relevante para turistas y residentes de nuestra Provincia.<br \/><br \/>La medida entiende la importancia del uso de esta tecnolog\u00eda, sus ventajas como la practicidad, accesibilidad y de bajo costo que brinda, entre ellas el ahorro de papel, y la posibilidad de poder brindar informaci\u00f3n relevante para los turistas de nuestra provincia.<br \/><br \/><b>Pedidos al Poder Ejecutivo<\/b><br \/><br \/>Por iniciativa de las senadoras Noem\u00ed Casas (Pom\u00e1n), Andrea Lobo (Capay\u00e1n) y Soledad Blas (Bel\u00e9n), la C\u00e1mara Alta acompa\u00f1\u00f3 por unanimidad proyectos de resoluci\u00f3n mediante los cuales se requiere al Poder Ejecutivo Provincial respuestas a diferentes demandas de las comunidades que representan.<br \/><br \/>En este marco, el Senado aprob\u00f3 y gir\u00f3 al Ejecutivo solicitudes tales como: la inclusi\u00f3n, dentro del plan de obras, en el Presupuesto de Gastos y Recursos, para el Ejercicio 2025, la construcci\u00f3n del edificio del I.E.S. (Instituto de Educaci\u00f3n Superior) de la Villa de Pom\u00e1n; as\u00ed como del edificio del I.E.S. de Saujil; el estudio y an\u00e1lisis pertinentes para el desarrollo del proyecto y posterior construcci\u00f3n de una sala velatoria para la localidad de Mutqu\u00edn; y la construcci\u00f3n de una sala velatoria para la localidad de Chumbicha.<br \/><br \/>Entre los pedidos aprobados tambi\u00e9n se encuentran la inclusi\u00f3n en el Presupuesto de Gastos y Recursos para el Ejercicio 2025, la refacci\u00f3n, iluminaci\u00f3n e inclusi\u00f3n de una pasarela peatonal, en puente del Rio Bel\u00e9n, ubicado en Ruta Provincial N\u00b0 46; ya que a trav\u00e9s de Vialidad Provincial, se extienda la traza de la Ruta Provincial N\u00b0 219, desde El Shincal hasta la intersecci\u00f3n de Ruta Provincial N\u00b0 125 ubicada en Pozo de Piedra.<br \/><b><br \/>Inter\u00e9s Legislativo<\/b><br \/><br \/>Durante la sesi\u00f3n, el Pleno tambi\u00e9n acompa\u00f1\u00f3 distintas iniciativas por las que se declararon de inter\u00e9s capacitaciones, como actividades sociales, culturales y deportivas.<br \/><br \/>*Inter\u00e9s Cultural y Parlamentario la actuaci\u00f3n deportiva de Giuliana Milagros Garc\u00eda en el campeonato sudamericano de patinaje art\u00edstico.(Senador Guillermo Ferreyra).<br \/><br \/>*Inter\u00e9s Parlamentario, Cultural y Art\u00edstico, la consagraci\u00f3n del artista Nicol\u00e1s Reyna en el pa\u00eds de Rusia, durante el certamen \u201cCanta Conmigo Ahora\u201d, llevado a cabo en el a\u00f1o 2023. (Senador Ariel Cordero y Senadora Norma Reales).<br \/><br \/>*Inter\u00e9s Legislativo y Parlamentario al \u201cII Congreso Argentino en Producci\u00f3n de Burros\u201d, a realizarse los d\u00edas 22 y 23 de noviembre del a\u00f1o en curso en el Departamento Santa Mar\u00eda. (Senador Antonio Camposano).<br \/><br \/>*Inter\u00e9s Parlamentario e Institucional las 1ras Jornadas de Gesti\u00f3n P\u00fablica, \u201cLa Gesti\u00f3n P\u00fablica en la Era Meta\u201d, a realizarse en la provincia de Catamarca. (Senador Mario Gershani).<br \/><br \/>*Inter\u00e9s Social y Legislativo las jornadas de Salud Mental Promoci\u00f3n de la Salud Mental Comunitaria: estrategia posible para el abordaje de situaci\u00f3n psicosociales complejas. (Senador Augusto Ojeda).<br \/><br \/>*Inter\u00e9s Parlamentario, Cultural y Educativo, la \u201cII Edici\u00f3n del Festival de Cine Nacional Juvenil Catamarca\u201d, a celebrarse el 21 de noviembre del 2024, en la localidad de Los Altos, Dpto. Santa Rosa. (Senador F\u00e9lix Jerez).<\/p>\n\n\n<p><\/p>\n","protected":false},"excerpt":{"rendered":"<p>e acuerdo con el Orden del D\u00eda fijado para la jornada, el Pleno dio tratamiento y posterior aprobaci\u00f3n a diversas<\/p>\n","protected":false},"author":1,"featured_media":20366,"comment_status":"closed","ping_status":"closed","sticky":false,"template":"","format":"standard","meta":{"footnotes":"","jetpack_publicize_message":"","jetpack_publicize_feature_enabled":true,"jetpack_social_post_already_shared":true,"jetpack_social_options":{"image_generator_settings":{"template":"highway","enabled":false},"version":2}},"categories":[2],"tags":[],"class_list":["post-20365","post","type-post","status-publish","format-standard","has-post-thumbnail","hentry","category-locales"],"jetpack_publicize_connections":[],"_links":{"self":[{"href":"https:\/\/diariorepublica.com.ar\/web\/index.php\/wp-json\/wp\/v2\/posts\/20365"}],"collection":[{"href":"https:\/\/diariorepublica.com.ar\/web\/index.php\/wp-json\/wp\/v2\/posts"}],"about":[{"href":"https:\/\/diariorepublica.com.ar\/web\/index.php\/wp-json\/wp\/v2\/types\/post"}],"author":[{"embeddable":true,"href":"https:\/\/diariorepublica.com.ar\/web\/index.php\/wp-json\/wp\/v2\/users\/1"}],"replies":[{"embeddable":true,"href":"https:\/\/diariorepublica.com.ar\/web\/index.php\/wp-json\/wp\/v2\/comments?post=20365"}],"version-history":[{"count":1,"href":"https:\/\/diariorepublica.com.ar\/web\/index.php\/wp-json\/wp\/v2\/posts\/20365\/revisions"}],"predecessor-version":[{"id":20367,"href":"https:\/\/diariorepublica.com.ar\/web\/index.php\/wp-json\/wp\/v2\/posts\/20365\/revisions\/20367"}],"wp:featuredmedia":[{"embeddable":true,"href":"https:\/\/diariorepublica.com.ar\/web\/index.php\/wp-json\/wp\/v2\/media\/20366"}],"wp:attachment":[{"href":"https:\/\/diariorepublica.com.ar\/web\/index.php\/wp-json\/wp\/v2\/media?parent=20365"}],"wp:term":[{"taxonomy":"category","embeddable":true,"href":"https:\/\/diariorepublica.com.ar\/web\/index.php\/wp-json\/wp\/v2\/categories?post=20365"},{"taxonomy":"post_tag","embeddable":true,"href":"https:\/\/diariorepublica.com.ar\/web\/index.php\/wp-json\/wp\/v2\/tags?post=20365"}],"curies":[{"name":"wp","href":"https:\/\/api.w.org\/{rel}","templated":true}]}}