{"id":20380,"date":"2024-11-22T07:25:23","date_gmt":"2024-11-22T10:25:23","guid":{"rendered":"https:\/\/diariorepublica.com.ar\/web\/?p=20380"},"modified":"2024-11-22T07:25:26","modified_gmt":"2024-11-22T10:25:26","slug":"la-provincia-aportara-a-la-capital-financiamiento-por-mas-de-5-500-millones","status":"publish","type":"post","link":"https:\/\/diariorepublica.com.ar\/web\/index.php\/sociedad\/2024\/11\/22\/la-provincia-aportara-a-la-capital-financiamiento-por-mas-de-5-500-millones\/","title":{"rendered":"La Provincia aportar\u00e1 a la Capital financiamiento por m\u00e1s de $5.500 millones"},"content":{"rendered":"<p>La Provincia realizar\u00e1 una inversi\u00f3n de m\u00e1s de $5.500 millones con el fin de que la comuna capitalina pueda desarrollar obras y optimizar servicios que promuevan una mejor calidad de vida de los vecinos, el desarrollo urbano y social, mejorar la infraestructura p\u00fablica, servicios esenciales y fomentar el bienestar de la comunidad local mediante la implementaci\u00f3n de proyectos sostenibles.<\/p>\n<p>Tras la r\u00fabrica, el gobernador Ra\u00fal Jalil afirm\u00f3 que \u201cla Municipalidad de la Capital es un ejemplo en el norte argentino en materia de medio ambiente y turismo. Nosotros acompa\u00f1amos ese proceso de crecimiento con aportes para realizar m\u00e1s obras en ese sentido\u201d.<\/p>\n<p>Ra\u00fal cerr\u00f3 destacando el trabajo conjunto del proyecto de gobierno: \u201cCatamarca est\u00e1 en crecimiento, est\u00e1 transform\u00e1ndose de manera ordenada y transparente gracias al trabajo en equipo que realizamos Provincia y municipios\u201d.<\/p>\n<p>A su vez, el intendente Gustavo Saadi expres\u00f3 \u201cestamos presentando el Plan de Obras 2025 para la Capital que vamos a realizar con los aportes de la Provincia. Ra\u00fal fue intendente y conoce bien lo que necesita la ciudad\u201d.<\/p>\n<p>Y remarc\u00f3 la importancia de la obra p\u00fablica: \u201ccada obra significa trabajo y es algo para lo que tambi\u00e9n servir\u00e1 este financiamiento de m\u00e1s de $5.000 millones. Estamos muy agradecidos al Gobierno de la provincia por este aporte\u201d, concluy\u00f3.<\/p>\n<p>Las obras que se realizar\u00e1n con el financiamiento acordado son las siguientes:<\/p>\n<p>-Construcci\u00f3n de la Plaza Portal del Norte.<\/p>\n<p>-Puesta en valor del Parque de los Ni\u00f1os.<\/p>\n<p>-Sistematizaci\u00f3n de la Costanera Sur de la Costanera del Arroyo Fari\u00f1ango.<\/p>\n<p>-Ejecuci\u00f3n de la primera etapa del Parque Ambiental Sur.<\/p>\n<p>-Ejecuci\u00f3n del plan de asfaltado en barrios de las zonas norte y sur.<\/p>\n<p>-Continuidad del plan de bacheo.<\/p>\n<p>Estuvieron presentes durante la presentaci\u00f3n el ministro de Gobierno, Justicia y Derechos Humanos, Fernando \u00c1vila; el ministro de Infraestructura y Obras Civiles, Juan Marchetti; el secretario de Gabinete y Modernizaci\u00f3n de la Capital, Mariano Rosales, entre otras autoridades provinciales y municipales.<\/p>\n","protected":false},"excerpt":{"rendered":"<p>La Provincia realizar\u00e1 una inversi\u00f3n de m\u00e1s de $5.500 millones con el fin de que la comuna capitalina pueda desarrollar<\/p>\n","protected":false},"author":1,"featured_media":20381,"comment_status":"closed","ping_status":"closed","sticky":false,"template":"","format":"standard","meta":{"footnotes":"","jetpack_publicize_message":"","jetpack_publicize_feature_enabled":true,"jetpack_social_post_already_shared":true,"jetpack_social_options":{"image_generator_settings":{"template":"highway","enabled":false},"version":2}},"categories":[3],"tags":[],"class_list":["post-20380","post","type-post","status-publish","format-standard","has-post-thumbnail","hentry","category-sociedad"],"jetpack_publicize_connections":[],"_links":{"self":[{"href":"https:\/\/diariorepublica.com.ar\/web\/index.php\/wp-json\/wp\/v2\/posts\/20380"}],"collection":[{"href":"https:\/\/diariorepublica.com.ar\/web\/index.php\/wp-json\/wp\/v2\/posts"}],"about":[{"href":"https:\/\/diariorepublica.com.ar\/web\/index.php\/wp-json\/wp\/v2\/types\/post"}],"author":[{"embeddable":true,"href":"https:\/\/diariorepublica.com.ar\/web\/index.php\/wp-json\/wp\/v2\/users\/1"}],"replies":[{"embeddable":true,"href":"https:\/\/diariorepublica.com.ar\/web\/index.php\/wp-json\/wp\/v2\/comments?post=20380"}],"version-history":[{"count":1,"href":"https:\/\/diariorepublica.com.ar\/web\/index.php\/wp-json\/wp\/v2\/posts\/20380\/revisions"}],"predecessor-version":[{"id":20382,"href":"https:\/\/diariorepublica.com.ar\/web\/index.php\/wp-json\/wp\/v2\/posts\/20380\/revisions\/20382"}],"wp:featuredmedia":[{"embeddable":true,"href":"https:\/\/diariorepublica.com.ar\/web\/index.php\/wp-json\/wp\/v2\/media\/20381"}],"wp:attachment":[{"href":"https:\/\/diariorepublica.com.ar\/web\/index.php\/wp-json\/wp\/v2\/media?parent=20380"}],"wp:term":[{"taxonomy":"category","embeddable":true,"href":"https:\/\/diariorepublica.com.ar\/web\/index.php\/wp-json\/wp\/v2\/categories?post=20380"},{"taxonomy":"post_tag","embeddable":true,"href":"https:\/\/diariorepublica.com.ar\/web\/index.php\/wp-json\/wp\/v2\/tags?post=20380"}],"curies":[{"name":"wp","href":"https:\/\/api.w.org\/{rel}","templated":true}]}}