{"id":20389,"date":"2024-11-22T08:16:37","date_gmt":"2024-11-22T11:16:37","guid":{"rendered":"https:\/\/diariorepublica.com.ar\/web\/?p=20389"},"modified":"2024-11-22T08:16:39","modified_gmt":"2024-11-22T11:16:39","slug":"petri-hay-tolerancia-cero-para-las-irregularidades-y-los-abusos-de-poder","status":"publish","type":"post","link":"https:\/\/diariorepublica.com.ar\/web\/index.php\/politica\/2024\/11\/22\/petri-hay-tolerancia-cero-para-las-irregularidades-y-los-abusos-de-poder\/","title":{"rendered":"Petri: \u00abHay tolerancia cero para las irregularidades y los abusos de poder\u00bb"},"content":{"rendered":"<p><strong>El ministro de Defensa, Luis Petri<\/strong>, asegur\u00f3 este jueves que le pidi\u00f3 la renuncia al jefe de la Fuerza A\u00e9rea Argentina (FAA), brigadier<strong>\u00a0Fernando Luis Mengo<\/strong>,\u00a0<strong>\u00abporque hay tolerancia cero para las irregularidades y los abusos de poder\u00bb.<\/strong><\/p>\n<p><strong>\u00abAqu\u00ed no se usan aviones para trasladar diarios o llevar amigos, aqu\u00ed hay austeridad, ejemplaridad y no hay encubrimiento o complicidad. La \u00fanica posici\u00f3n posible era pedir el inmediato relevo\u00bb,<\/strong>\u00a0afirm\u00f3 Petri.<\/p>\n<p>Asimismo, el ministro de Defensa remarc\u00f3<strong>: \u00abHay tolerancia cero para los abusos de poder, las irregularidades, para la utilizaci\u00f3n de bienes p\u00fablicos para cuestiones privadas. A partir de la confirmaci\u00f3n de estos 32 vuelos irregularidades decid\u00ed relevar al brigadier Mengo como jefe de la Fuerza A\u00e9rea\u00bb.<\/strong><\/p>\n<p><strong>\u00abPor supuesto que lo consult\u00e9 previamente al presidente y \u00e9ste inmediatamente respondi\u00f3, estas cosas no son tolerables para nuestro Gobierno.<\/strong>\u00a0El jefe del Estado Mayor Conjunto, (Xavier Juli\u00e1n) Isaac desconoc\u00eda estos hechos porque no estaban en los manifiestos\u00bb, sostuvo el funcionario en declaraciones a\u00a0<i>LN+.<\/i><\/p>\n<p>Petri revel\u00f3 que tomaron \u00abconocimiento de que podr\u00edan existir situaciones de acoso y abuso de parte de Mengo\u00bb y precis\u00f3 que est\u00e1n \u00abgarantizando que las v\u00edctimas puedan denunciar judicialmente y que no van a sufrir represalias, esto es fundamental\u00bb.<\/p>\n<p>\u00abEl 99 por ciento de las Fuerzas Armadas por no decir el 100 est\u00e1 alineada con esta decisi\u00f3n, estos ejemplos no los quieren, quieren los buenos ejemplos, por ejemplo, de los soldados que murieron defendiendo la Patria\u00bb, se\u00f1al\u00f3.<\/p>\n<p>Y cerr\u00f3:<strong>\u00a0\u00abJavier Milei es un presidente que dice lo que piensa y hace lo que dice y habla sin eufemismos, anteriormente me hab\u00edan preguntado si la vicepresidente participa en decisiones de Defensa y hab\u00eda dicho que no y no participa en otras decisiones del Gobierno, eso lo transparent\u00f3 ayer el presidente. No me hace ruido, ella es la presidente del Senado\u00bb.<\/strong><\/p>\n<p>NA<\/p>\n","protected":false},"excerpt":{"rendered":"<p>El ministro de Defensa, Luis Petri, asegur\u00f3 este jueves que le pidi\u00f3 la renuncia al jefe de la Fuerza A\u00e9rea<\/p>\n","protected":false},"author":1,"featured_media":20390,"comment_status":"closed","ping_status":"closed","sticky":false,"template":"","format":"standard","meta":{"footnotes":"","jetpack_publicize_message":"","jetpack_publicize_feature_enabled":true,"jetpack_social_post_already_shared":true,"jetpack_social_options":{"image_generator_settings":{"template":"highway","enabled":false},"version":2}},"categories":[12],"tags":[],"class_list":["post-20389","post","type-post","status-publish","format-standard","has-post-thumbnail","hentry","category-politica"],"jetpack_publicize_connections":[],"_links":{"self":[{"href":"https:\/\/diariorepublica.com.ar\/web\/index.php\/wp-json\/wp\/v2\/posts\/20389"}],"collection":[{"href":"https:\/\/diariorepublica.com.ar\/web\/index.php\/wp-json\/wp\/v2\/posts"}],"about":[{"href":"https:\/\/diariorepublica.com.ar\/web\/index.php\/wp-json\/wp\/v2\/types\/post"}],"author":[{"embeddable":true,"href":"https:\/\/diariorepublica.com.ar\/web\/index.php\/wp-json\/wp\/v2\/users\/1"}],"replies":[{"embeddable":true,"href":"https:\/\/diariorepublica.com.ar\/web\/index.php\/wp-json\/wp\/v2\/comments?post=20389"}],"version-history":[{"count":1,"href":"https:\/\/diariorepublica.com.ar\/web\/index.php\/wp-json\/wp\/v2\/posts\/20389\/revisions"}],"predecessor-version":[{"id":20391,"href":"https:\/\/diariorepublica.com.ar\/web\/index.php\/wp-json\/wp\/v2\/posts\/20389\/revisions\/20391"}],"wp:featuredmedia":[{"embeddable":true,"href":"https:\/\/diariorepublica.com.ar\/web\/index.php\/wp-json\/wp\/v2\/media\/20390"}],"wp:attachment":[{"href":"https:\/\/diariorepublica.com.ar\/web\/index.php\/wp-json\/wp\/v2\/media?parent=20389"}],"wp:term":[{"taxonomy":"category","embeddable":true,"href":"https:\/\/diariorepublica.com.ar\/web\/index.php\/wp-json\/wp\/v2\/categories?post=20389"},{"taxonomy":"post_tag","embeddable":true,"href":"https:\/\/diariorepublica.com.ar\/web\/index.php\/wp-json\/wp\/v2\/tags?post=20389"}],"curies":[{"name":"wp","href":"https:\/\/api.w.org\/{rel}","templated":true}]}}