{"id":20402,"date":"2024-11-22T08:21:08","date_gmt":"2024-11-22T11:21:08","guid":{"rendered":"https:\/\/diariorepublica.com.ar\/web\/?p=20402"},"modified":"2024-11-22T08:21:10","modified_gmt":"2024-11-22T11:21:10","slug":"luis-caputo-aseguro-comenzaron-charlas-con-el-fmi-por-un-nuevo-acuerdo-y-podrian-entrar-fondos-frescos","status":"publish","type":"post","link":"https:\/\/diariorepublica.com.ar\/web\/index.php\/politica\/2024\/11\/22\/luis-caputo-aseguro-comenzaron-charlas-con-el-fmi-por-un-nuevo-acuerdo-y-podrian-entrar-fondos-frescos\/","title":{"rendered":"Luis Caputo asegur\u00f3 comenzaron charlas con el FMI por un nuevo acuerdo y podr\u00edan entrar fondos frescos"},"content":{"rendered":"<p>El ministro de Econom\u00eda, Luis Caputo, se refiri\u00f3 al di\u00e1logo que mantiene el Gobierno con el Fondo Monetario Internacional (FMI), precis\u00f3 que se preparan para un nuevo programa y adelant\u00f3 que hay posibilidades de que entren fondos frescos al pa\u00eds.<\/p>\n<p>Destac\u00f3 que a partir del a\u00f1o que viene va a haber una \u00abrelaci\u00f3n m\u00e1s cercana con Estados Unidos\u00bb tras la victoria electoral de Donald Trump, que asumir\u00e1 el pr\u00f3ximo 20 de enero. \u00abExiste la posibilidad de acuerdos que antes hubieran parecido m\u00e1s dif\u00edciles\u201d, asegur\u00f3 el funcionario.<\/p>\n<p>\u201cCon el FMI hemos empezado a hablar informalmente de un nuevo programa. Probablemente vamos a ir a un programa nuevo y seguramente va a implicar nueva plata. Estamos discutiendo dos cosas, cu\u00e1nta plata es y c\u00f3mo entrar\u00e1 ese dinero. No es lo mismo que te desembolsen al principio u$s1.000 millones, que entren u$s12.000 millones\u201d, sostuvo en una entrevista con TN.<\/p>\n<p>Luis Caputo celebr\u00f3 el rumbo econ\u00f3mico de Argentina y asegur\u00f3 que el pa\u00eds \u00abya est\u00e1 en competencia de monedas\u00bb<br \/>Adem\u00e1s, destac\u00f3 Argentina \u00abya est\u00e1 en competencia de monedas\u00bb porque \u00abya se puede facturar en d\u00f3lares\u00bb. \u00abCuando el presidente habla de la dolarizaci\u00f3n end\u00f3gena se refiere a que la econom\u00eda necesita remonetarizarse, tanto en pesos como en d\u00f3lares\u00bb.<\/p>\n<p>En esa l\u00ednea, celebr\u00f3 \u00abla normalizaci\u00f3n de la macroeconom\u00eda\u00bb y se\u00f1al\u00f3 que \u00abse hizo sin afectar salarios ni actividad econ\u00f3mica\u00bb.<\/p>\n<p>\u00abEl salario le est\u00e1 ganando a la inflaci\u00f3n, probablemente octubre sea el s\u00e9ptimo mes en que los salarios le ganen a la inflaci\u00f3n\u00bb, se\u00f1al\u00f3.<\/p>\n<p>En cuanto a la inflaci\u00f3n, destac\u00f3 la baja de los precios mayoristas a niveles del 1,2% y dijo que se est\u00e1n en niveles que \u00abun a\u00f1o atr\u00e1s eran impensables. Para el a\u00f1o pr\u00f3ximo las tasas ya convalidan la inflaci\u00f3n que tenemos en el Presupuesto\u00bb.<\/p>\n<p>Reconoci\u00f3 que \u00abla clase media la est\u00e1 peleando\u00bb aunque rescat\u00f3: \u00abLo bueno es que los n\u00fameros que estamos viendo que es el camino correcto, con inflaci\u00f3n a la baja, habiendo reconstituido tarifas, alimentos, combustibles, y sin romper contratos ni planes Bonex\u00bb.<\/p>\n<p>ambito.com<\/p>\n\n\n<p><\/p>\n","protected":false},"excerpt":{"rendered":"<p>El ministro de Econom\u00eda, Luis Caputo, se refiri\u00f3 al di\u00e1logo que mantiene el Gobierno con el Fondo Monetario Internacional (FMI),<\/p>\n","protected":false},"author":1,"featured_media":20403,"comment_status":"closed","ping_status":"closed","sticky":false,"template":"","format":"standard","meta":{"footnotes":"","jetpack_publicize_message":"","jetpack_publicize_feature_enabled":true,"jetpack_social_post_already_shared":true,"jetpack_social_options":{"image_generator_settings":{"template":"highway","enabled":false},"version":2}},"categories":[12],"tags":[],"class_list":["post-20402","post","type-post","status-publish","format-standard","has-post-thumbnail","hentry","category-politica"],"jetpack_publicize_connections":[],"_links":{"self":[{"href":"https:\/\/diariorepublica.com.ar\/web\/index.php\/wp-json\/wp\/v2\/posts\/20402"}],"collection":[{"href":"https:\/\/diariorepublica.com.ar\/web\/index.php\/wp-json\/wp\/v2\/posts"}],"about":[{"href":"https:\/\/diariorepublica.com.ar\/web\/index.php\/wp-json\/wp\/v2\/types\/post"}],"author":[{"embeddable":true,"href":"https:\/\/diariorepublica.com.ar\/web\/index.php\/wp-json\/wp\/v2\/users\/1"}],"replies":[{"embeddable":true,"href":"https:\/\/diariorepublica.com.ar\/web\/index.php\/wp-json\/wp\/v2\/comments?post=20402"}],"version-history":[{"count":1,"href":"https:\/\/diariorepublica.com.ar\/web\/index.php\/wp-json\/wp\/v2\/posts\/20402\/revisions"}],"predecessor-version":[{"id":20404,"href":"https:\/\/diariorepublica.com.ar\/web\/index.php\/wp-json\/wp\/v2\/posts\/20402\/revisions\/20404"}],"wp:featuredmedia":[{"embeddable":true,"href":"https:\/\/diariorepublica.com.ar\/web\/index.php\/wp-json\/wp\/v2\/media\/20403"}],"wp:attachment":[{"href":"https:\/\/diariorepublica.com.ar\/web\/index.php\/wp-json\/wp\/v2\/media?parent=20402"}],"wp:term":[{"taxonomy":"category","embeddable":true,"href":"https:\/\/diariorepublica.com.ar\/web\/index.php\/wp-json\/wp\/v2\/categories?post=20402"},{"taxonomy":"post_tag","embeddable":true,"href":"https:\/\/diariorepublica.com.ar\/web\/index.php\/wp-json\/wp\/v2\/tags?post=20402"}],"curies":[{"name":"wp","href":"https:\/\/api.w.org\/{rel}","templated":true}]}}