{"id":20405,"date":"2024-11-22T06:21:00","date_gmt":"2024-11-22T09:21:00","guid":{"rendered":"https:\/\/diariorepublica.com.ar\/web\/?p=20405"},"modified":"2024-11-22T08:22:24","modified_gmt":"2024-11-22T11:22:24","slug":"milei-anuncio-la-firma-de-un-memorandum-con-israel-para-combatir-el-terrorismo-y-las-dictaduras","status":"publish","type":"post","link":"https:\/\/diariorepublica.com.ar\/web\/index.php\/politica\/2024\/11\/22\/milei-anuncio-la-firma-de-un-memorandum-con-israel-para-combatir-el-terrorismo-y-las-dictaduras\/","title":{"rendered":"\u00a0Milei anunci\u00f3 la firma de un memor\u00e1ndum con Israel para combatir el terrorismo y las dictaduras"},"content":{"rendered":"<p>El presidente Javier Milei anunci\u00f3 este jueves que se est\u00e1 preparando un \u00abmemor\u00e1ndum hist\u00f3rico\u00bb con el gobierno israel\u00ed \u00aben defensa de la libertad y la democracia en combate del terrorismo y las dictaduras\u00bb. Lo hizo durante su participaci\u00f3n en el Encuentro Empresarial Argentina-Israel.<\/p>\n<p>\u00abLes voy a dar una primicia. Estamos avanzando en un memor\u00e1ndum hist\u00f3rico con el gobierno israel\u00ed una alianza bilateral entre dos naciones hermanas. En defensa de la libertad y la democracia en combate del terrorismo y las dictaduras\u00bb, anunci\u00f3 Milei ante un auditorio de empresarios y funcionarios que lo recibi\u00f3 con entusiasmo.<\/p>\n<p>Para Javier Milei la relaci\u00f3n con el pa\u00eds hebreo es sumamente valiosa y en este encuentro, donde fue reconocido como\u00a0<strong>\u201cIsrael Leadership Award\u201d<\/strong>, volvi\u00f3 a hacer \u00e9nfasis en este v\u00ednculo: \u00abPara nosotros Israel es junto a Estados Unidos nuestros socios geopol\u00edticos m\u00e1s importantes\u00bb.<\/p>\n<article class=\"article-body article-body--fourth-paragraph content-protected-false\">\u00abMientras los kirchneristas hac\u00edan un memor\u00e1ndum con Ir\u00e1n, nosotros hacemos uno con Israel\u00bb, se\u00f1al\u00f3 el presidente, lo que provoc\u00f3 el aplauso de los asistentes. Despu\u00e9s propuso esta\u00a0<strong>alianza\u00a0<\/strong>como un\u00a0<strong>\u00abmodelo para que otras naciones del mundo libre<\/strong>\u00a0<strong>tambi\u00e9n elijan la vida y la libertad, condenando firme y abiertamente al terrorismo<\/strong>\u00ab.<\/p>\n<\/article>\n<article class=\"article-body article-body--remaining-paragraph content-protected-false\">Entre las razones del acuerdo, el presidente record\u00f3 los\u00a0<strong>atentados\u00a0<\/strong>a la Embajada de Israel en Buenos Aires (1992) y a la mutual AMIA (1994), los cuales\u00a0<strong>\u00abnunca nos vamos a olvidar\u00bb<\/strong>. Igualmente, afirm\u00f3 que tampoco olvidar\u00e1n el ataque del grupo palestino Ham\u00e1s del 7 de octubre de 2023 ni de los 101 secuestrados civiles que mantiene, entre los que se encuentran ocho argentinos. \u00abExigimos su liberaci\u00f3n inmediata\u00bb, dijo Milei.<\/p>\n<\/article>\n","protected":false},"excerpt":{"rendered":"<p>El presidente Javier Milei anunci\u00f3 este jueves que se est\u00e1 preparando un \u00abmemor\u00e1ndum hist\u00f3rico\u00bb con el gobierno israel\u00ed \u00aben defensa<\/p>\n","protected":false},"author":1,"featured_media":20406,"comment_status":"closed","ping_status":"closed","sticky":false,"template":"","format":"standard","meta":{"footnotes":"","jetpack_publicize_message":"","jetpack_publicize_feature_enabled":true,"jetpack_social_post_already_shared":true,"jetpack_social_options":{"image_generator_settings":{"template":"highway","enabled":false},"version":2}},"categories":[12],"tags":[],"class_list":["post-20405","post","type-post","status-publish","format-standard","has-post-thumbnail","hentry","category-politica"],"jetpack_publicize_connections":[],"_links":{"self":[{"href":"https:\/\/diariorepublica.com.ar\/web\/index.php\/wp-json\/wp\/v2\/posts\/20405"}],"collection":[{"href":"https:\/\/diariorepublica.com.ar\/web\/index.php\/wp-json\/wp\/v2\/posts"}],"about":[{"href":"https:\/\/diariorepublica.com.ar\/web\/index.php\/wp-json\/wp\/v2\/types\/post"}],"author":[{"embeddable":true,"href":"https:\/\/diariorepublica.com.ar\/web\/index.php\/wp-json\/wp\/v2\/users\/1"}],"replies":[{"embeddable":true,"href":"https:\/\/diariorepublica.com.ar\/web\/index.php\/wp-json\/wp\/v2\/comments?post=20405"}],"version-history":[{"count":1,"href":"https:\/\/diariorepublica.com.ar\/web\/index.php\/wp-json\/wp\/v2\/posts\/20405\/revisions"}],"predecessor-version":[{"id":20407,"href":"https:\/\/diariorepublica.com.ar\/web\/index.php\/wp-json\/wp\/v2\/posts\/20405\/revisions\/20407"}],"wp:featuredmedia":[{"embeddable":true,"href":"https:\/\/diariorepublica.com.ar\/web\/index.php\/wp-json\/wp\/v2\/media\/20406"}],"wp:attachment":[{"href":"https:\/\/diariorepublica.com.ar\/web\/index.php\/wp-json\/wp\/v2\/media?parent=20405"}],"wp:term":[{"taxonomy":"category","embeddable":true,"href":"https:\/\/diariorepublica.com.ar\/web\/index.php\/wp-json\/wp\/v2\/categories?post=20405"},{"taxonomy":"post_tag","embeddable":true,"href":"https:\/\/diariorepublica.com.ar\/web\/index.php\/wp-json\/wp\/v2\/tags?post=20405"}],"curies":[{"name":"wp","href":"https:\/\/api.w.org\/{rel}","templated":true}]}}