{"id":20424,"date":"2024-11-25T05:35:00","date_gmt":"2024-11-25T08:35:00","guid":{"rendered":"https:\/\/diariorepublica.com.ar\/web\/?p=20424"},"modified":"2024-11-25T07:37:05","modified_gmt":"2024-11-25T10:37:05","slug":"tras-dejar-la-conduccion-de-la-cgt-pablo-moyano-se-enfoca-en-un-frente-sindical-opositor","status":"publish","type":"post","link":"https:\/\/diariorepublica.com.ar\/web\/index.php\/nacionales\/2024\/11\/25\/tras-dejar-la-conduccion-de-la-cgt-pablo-moyano-se-enfoca-en-un-frente-sindical-opositor\/","title":{"rendered":"Tras dejar la conducci\u00f3n de la CGT, Pablo Moyano se enfoca en un frente sindical opositor"},"content":{"rendered":"<div class=\"sPlayerReader \" data-mow_video=\"ar-mvzcwry3hqf\" data-mow_init=\"true\">\n<div id=\"mar-mvzcwry3hqf-408568184553054\" class=\"mowplayer mowplayer-container mowplayer23-theme-dark\" data-ar_header_title_desktop=\"Escuchar el art\u00edculo dando click al reproductor:\" data-ar_header_title_mobile=\"Escuchar el art\u00edculo:\">\n<div class=\"mow mow__playlist-wrapper mow-wait_play mow-hide-controls mow-type_audio mow-provider_html5 mow__playlist_type_audio mow-ui_enabled mow__theme_light mw-script mow__layout-audio_slim mow-paused mow-stopped mow_audio_reader mw_size_300\">\n<div class=\"mow__responsive-wrapper  audio-reader-responsive-c\">\n<div class=\"mow__audio-no-playlist-wrapper\">\n<div class=\"mow__layout-row mow__layout-va_audio-reader\"><button class=\"mow__control mow__play\" type=\"button\"><span class=\"label-not-pressed mow__tooltip\">Reproducir<\/span><\/button><\/p>\n<div class=\"mow__layout-row mow__layout-va_audioreader_row\"><button class=\"mow__control mow__seek-control\" type=\"button\"><span class=\"mow__tooltip\">Atrasar 10s<\/span><\/button><button class=\"mow__control mow__seek-control\" type=\"button\"><span class=\"mow__tooltip\">Adelantar 10s<\/span><\/button><\/div>\n<div class=\"mow__layout-row control-row-audio-reader\">\n<div class=\"mow__controls\">\n<div class=\"mow__layout-column\">\n<div class=\"mow__progress\"><span class=\"mow__tooltip\">00:00<\/span><input role=\"slider\" autocomplete=\"off\" max=\"100\" min=\"0\" step=\"0.001\" type=\"range\" value=\"0\" aria-label=\"seek\" aria-valuemin=\"0\" aria-valuemax=\"100\" aria-valuenow=\"0\" aria-valuetext=\"00:00 de 00:00\" data-has-listeners=\"true\" \/><progress class=\"mow__progress__buffer\" role=\"presentation\" value=\"0\" max=\"100\" aria-hidden=\"true\"><\/progress><\/div>\n<div class=\"mow__layout-row mow__layout-ha_space-between\">\n<div class=\"mow__time\">00:00<\/div>\n<div class=\"mow__time\">00:00<\/div>\n<\/div>\n<\/div>\n<\/div>\n<\/div>\n<div class=\"mow__layout-row mow__layout-va_audio_logo\">\n<div class=\"mow__logo default_logo\"><a href=\"https:\/\/mowplayer.com\/audioreader\" target=\"_blank\" rel=\"noopener\"><img decoding=\"async\" src=\"https:\/\/cdn.mowplayer.com\/assets\/cdn2023\/mow-logo.png\" \/><\/a><\/div>\n<\/div>\n<\/div>\n<\/div>\n<\/div>\n<\/div>\n<\/div>\n<\/div>\n<div id=\"gpt-passback-post_1985251\"><\/div>\n<div class=\"small-12 medium-12 large-12 columns \">\n<div class=\"e-post-text\">\n<p>El secretario adjunto de Camioneros,\u00a0<strong>Pablo Moyano, buscar\u00e1 afianzar un armado de un frente de sindicatos opositores a la gesti\u00f3n de Javier Milei<\/strong>, con medidas de fuerza y movilizaciones en las calles, luego de haber renunciado al triunvirato de la CGT por sus diferencias con la c\u00fapula de la central.<\/p>\n<p><strong>\u00abAhora va a ir por el lado de un armado de gremios que quieren luchar\u00bb,<\/strong>\u00a0le dijo una fuente moyanista a Noticias Argentinas.<\/p>\n<p>En ese marco,\u00a0<strong>el hijo de Hugo Moyano est\u00e1 distanciado de su padre<\/strong>, el cual no comulga con la actitud de ir al conflicto y se est\u00e1 mostrando algo m\u00e1s cercano a las posturas de los \u00abdialoguistas\u00bb de la CGT.<\/p>\n<p>De hecho,\u00a0<strong>Moyano padre habl\u00f3 la semana pasada por tel\u00e9fono con los referentes del ala moderada de la central<\/strong>\u00a0(H\u00e9ctor Daer, Andr\u00e9s Rodr\u00edguez y Gerardo Mart\u00ednez) para manifestarles que el compart\u00eda la postura de no apoyar el paro del 5 de diciembre que su hijo estaba organizando junto a ATE y otras agrupaciones.<\/p>\n<p>Al enterarse de esto,\u00a0<strong>Pablo decidi\u00f3 de renunciar al triunvirato y su lugar podr\u00eda ser ocupado por otro dirigente de Camioneros que designe Hugo<\/strong>. Tambi\u00e9n influy\u00f3 que r\u00e1pidamente se desilach\u00f3 la Mesa Nacional del Transporte, con la cual deseaba meter presi\u00f3n al Gobierno.<\/p>\n<p>En ese marco,\u00a0<strong>Pablo seguir\u00e1 adelante con su idea de una medida de fuerza para principios de diciembre<\/strong>, junto a la conformaci\u00f3n de un polo de sindicatos que buscan el conflicto con la gesti\u00f3n Milei, entre ellos ATE y varios otros gremios de las dos CTA, adem\u00e1s de los movimientos sociales.<\/p>\n<p>\u00abEs momento de avanzar en la organizaci\u00f3n del movimiento obrero junto a quienes, como Pablo Moyano y Paco Manrique,<strong>\u00a0ya no se aguantan ver pasivamente el ataque del Gobierno<\/strong>. Es imprescindible un Frente Sindical de Resistencia\u00bb, sostuvo este s\u00e1bado en su cuenta de X el titular del sindicato de Aceiteros, Jorge Yofra.<\/p>\n<p><strong>Manrique, del SMATA, ya hab\u00eda renunciado a su cargo en el Consejo Directivo de la CGT un mes antes que Pablo Moyano,<\/strong>\u00a0tambi\u00e9n por su rechazo a la postura del resto de la central de no ir al choque con el Gobierno y seguir negociando.<\/p>\n<p>NA<\/p>\n<\/div>\n<\/div>\n","protected":false},"excerpt":{"rendered":"<p>Reproducir Atrasar 10sAdelantar 10s 00:00 00:00 00:00 El secretario adjunto de Camioneros,\u00a0Pablo Moyano, buscar\u00e1 afianzar un armado de un frente<\/p>\n","protected":false},"author":1,"featured_media":20425,"comment_status":"closed","ping_status":"closed","sticky":false,"template":"","format":"standard","meta":{"footnotes":"","jetpack_publicize_message":"","jetpack_publicize_feature_enabled":true,"jetpack_social_post_already_shared":true,"jetpack_social_options":{"image_generator_settings":{"template":"highway","enabled":false},"version":2}},"categories":[4],"tags":[],"class_list":["post-20424","post","type-post","status-publish","format-standard","has-post-thumbnail","hentry","category-nacionales"],"jetpack_publicize_connections":[],"_links":{"self":[{"href":"https:\/\/diariorepublica.com.ar\/web\/index.php\/wp-json\/wp\/v2\/posts\/20424"}],"collection":[{"href":"https:\/\/diariorepublica.com.ar\/web\/index.php\/wp-json\/wp\/v2\/posts"}],"about":[{"href":"https:\/\/diariorepublica.com.ar\/web\/index.php\/wp-json\/wp\/v2\/types\/post"}],"author":[{"embeddable":true,"href":"https:\/\/diariorepublica.com.ar\/web\/index.php\/wp-json\/wp\/v2\/users\/1"}],"replies":[{"embeddable":true,"href":"https:\/\/diariorepublica.com.ar\/web\/index.php\/wp-json\/wp\/v2\/comments?post=20424"}],"version-history":[{"count":1,"href":"https:\/\/diariorepublica.com.ar\/web\/index.php\/wp-json\/wp\/v2\/posts\/20424\/revisions"}],"predecessor-version":[{"id":20426,"href":"https:\/\/diariorepublica.com.ar\/web\/index.php\/wp-json\/wp\/v2\/posts\/20424\/revisions\/20426"}],"wp:featuredmedia":[{"embeddable":true,"href":"https:\/\/diariorepublica.com.ar\/web\/index.php\/wp-json\/wp\/v2\/media\/20425"}],"wp:attachment":[{"href":"https:\/\/diariorepublica.com.ar\/web\/index.php\/wp-json\/wp\/v2\/media?parent=20424"}],"wp:term":[{"taxonomy":"category","embeddable":true,"href":"https:\/\/diariorepublica.com.ar\/web\/index.php\/wp-json\/wp\/v2\/categories?post=20424"},{"taxonomy":"post_tag","embeddable":true,"href":"https:\/\/diariorepublica.com.ar\/web\/index.php\/wp-json\/wp\/v2\/tags?post=20424"}],"curies":[{"name":"wp","href":"https:\/\/api.w.org\/{rel}","templated":true}]}}