{"id":20503,"date":"2024-11-27T17:05:00","date_gmt":"2024-11-27T20:05:00","guid":{"rendered":"https:\/\/diariorepublica.com.ar\/web\/?p=20503"},"modified":"2024-11-27T12:05:58","modified_gmt":"2024-11-27T15:05:58","slug":"inicia-una-nueva-edicion-de-las-noches-de-los-museos","status":"publish","type":"post","link":"https:\/\/diariorepublica.com.ar\/web\/index.php\/sociedad\/2024\/11\/27\/inicia-una-nueva-edicion-de-las-noches-de-los-museos\/","title":{"rendered":"Inicia una nueva edici\u00f3n de \u201cLas Noches de los Museos\u201d"},"content":{"rendered":"<p>Desde este jueves se ponen en marcha cuatro noches para explorar y disfrutar la riqueza de nuestro patrimonio cultural, acompa\u00f1ados del talento de nuestros artistas locales.<\/p>\n<p>Organizado por la Direcci\u00f3n de Patrimonio y Museos de la Secretar\u00eda de Gesti\u00f3n Cultural, en colaboraci\u00f3n con la Direcci\u00f3n de Cultura de la Secretar\u00eda de Educaci\u00f3n y Cultura de la Municipalidad de la Capital, se invita a toda la comunidad a ser parte de las actividades programadas para una nueva edici\u00f3n de\u00a0Las Noches de los Museos.<\/p>\n<p>La programaci\u00f3n incluye visitas guiadas, talleres, exposiciones, recitales de poes\u00eda y m\u00fasica, danza, y el tradicional ciclo\u00a0Pasos con Historia. Estas actividades se desarrollar\u00e1n entre el jueves 28 de noviembre y el domingo 1 de diciembre en museos y espacios p\u00fablicos de la Capital y Valle Viejo.<\/p>\n<p>Este a\u00f1o, la Organizaci\u00f3n Internacional de Museos (ICOM) propone el lema \u201cMuseo por la Educaci\u00f3n y la Investigaci\u00f3n\u201d, por lo que se han preparado una serie de actividades que destacan la investigaci\u00f3n y el arte, y la participaci\u00f3n de estudiantes de diversas disciplinas.<\/p>\n<p>A continuaci\u00f3n, la programaci\u00f3n completa, que se puede disfrutar de forma libre y gratuita.<\/p>\n<p>JUEVES 28 &#8211; 19 HS<\/p>\n<p>Museo Provincial de Bellas Artes Laureano Brizuela, San Mart\u00edn 316.<\/p>\n<p>Visita guiada y muestra: \u201cEn Construcci\u00f3n 4\u201d del artista riojano, Diego Sarmiento, a cargo de la Lic. Gabriela Brouwer.<\/p>\n<p>VIERNES 29 \u2013 19.00 HS<\/p>\n<p>Museo Arqueologico Adan Quiroga, Sarmiento 450.<\/p>\n<p>Taller de alfarer\u00eda y visita guiada junto al Consejo Municipal para las Personas con Discapacidad.<\/p>\n<p>Exposici\u00f3n de la Feria \u201cCultura Viva\u201d.<\/p>\n<p>Taller de amuletos en cer\u00e1mica.<\/p>\n<p>Muestra callejera: representaciones ancestrales (pinturas rupestres, m\u00e1scaras y vasijas).<\/p>\n<p>Velada Cultural: Rastros del tiempo, Taller de Folklore y Expresi\u00f3n Corporal de Rita Soria.<\/p>\n<p>Plaza 25 de Mayo<\/p>\n<p>Pasos con Historia:\u00a0 \u201cCatamarca Misteriosa. Relatos y leyendas de la Plaza 25 de mayo\u201d, a cargo del Prof. Carlos Carabajal.<\/p>\n<p>S\u00c1BADO 30 &#8211;\u00a0 19 HS<\/p>\n<p>Casa Caravati, Rivadavia 1050<\/p>\n<p>Performance: Sensopercepci\u00f3n a cargo de estudiantes de I.S.A.C<\/p>\n<p>Intervenci\u00f3n del Club del Collage<\/p>\n<p>Velada Cultural: DJ + Recital Itinerante de Poes\u00eda con poetas invitados y micr\u00f3fono abierto + cierre musical con \u201cClementina\u201d<\/p>\n<p>Pasos con Historia en Villa Dolores<\/p>\n<p>Recorrido hist\u00f3rico y art\u00edstico por la calle Joaqu\u00edn Acu\u00f1a de Villa Dolores, con relatos a cargo de Mag. Marcelo Gershani y Arq. Alejandra Granizo. Participaci\u00f3n especial de Rafael Toledo.<\/p>\n<p>Feria de Artistas, dise\u00f1adores y artesanos en Plaza de Villa Dolores.<\/p>\n<p>Lugar de encuentro: Plaza Ramon S. Castillo, Villa Dolores.<\/p>\n<p>DOMINGO 1 DE DICIEMBRE &#8211; 19 HS.<\/p>\n<p>Museo de la Virgen del Valle, Rep\u00fablica 449.<\/p>\n<p>Taller de pintura al temple para todo p\u00fablico.<\/p>\n<p>Domingo 01\/12<\/p>\n<p>Museo Virgen del Valle<\/p>\n<p>19 hs<\/p>\n<p>Taller de pintura al temple a cargo de Juan Ar\u00e9valo y Juan Jos\u00e9 Yapura<\/p>\n<p>Velada Cultural por la Paz: Danza cl\u00e1sica del Estudio Marim\u00ed Basso a cargo del prof. Juan Pablo Tapia, cierre musical con Rafael Toledo.<\/p>\n<p>Museo Hist\u00f3rico Provincial, Chacabuco 425.<\/p>\n<p>Visita y velada cultural para conocer rasgos de la cultura \u00e1rabe y palestina<\/p>\n<p>Muestra Fotogr\u00e1fica y Textil \u201cIdentidad Palestina\u201d.<\/p>\n<p>Participaci\u00f3n de artistas convocados por la Sociedad Sirio Libanesa.<\/p>\n","protected":false},"excerpt":{"rendered":"<p>Desde este jueves se ponen en marcha cuatro noches para explorar y disfrutar la riqueza de nuestro patrimonio cultural, acompa\u00f1ados<\/p>\n","protected":false},"author":1,"featured_media":20504,"comment_status":"closed","ping_status":"closed","sticky":false,"template":"","format":"standard","meta":{"footnotes":"","jetpack_publicize_message":"","jetpack_publicize_feature_enabled":true,"jetpack_social_post_already_shared":true,"jetpack_social_options":{"image_generator_settings":{"template":"highway","enabled":false},"version":2}},"categories":[3],"tags":[],"class_list":["post-20503","post","type-post","status-publish","format-standard","has-post-thumbnail","hentry","category-sociedad"],"jetpack_publicize_connections":[],"_links":{"self":[{"href":"https:\/\/diariorepublica.com.ar\/web\/index.php\/wp-json\/wp\/v2\/posts\/20503"}],"collection":[{"href":"https:\/\/diariorepublica.com.ar\/web\/index.php\/wp-json\/wp\/v2\/posts"}],"about":[{"href":"https:\/\/diariorepublica.com.ar\/web\/index.php\/wp-json\/wp\/v2\/types\/post"}],"author":[{"embeddable":true,"href":"https:\/\/diariorepublica.com.ar\/web\/index.php\/wp-json\/wp\/v2\/users\/1"}],"replies":[{"embeddable":true,"href":"https:\/\/diariorepublica.com.ar\/web\/index.php\/wp-json\/wp\/v2\/comments?post=20503"}],"version-history":[{"count":1,"href":"https:\/\/diariorepublica.com.ar\/web\/index.php\/wp-json\/wp\/v2\/posts\/20503\/revisions"}],"predecessor-version":[{"id":20505,"href":"https:\/\/diariorepublica.com.ar\/web\/index.php\/wp-json\/wp\/v2\/posts\/20503\/revisions\/20505"}],"wp:featuredmedia":[{"embeddable":true,"href":"https:\/\/diariorepublica.com.ar\/web\/index.php\/wp-json\/wp\/v2\/media\/20504"}],"wp:attachment":[{"href":"https:\/\/diariorepublica.com.ar\/web\/index.php\/wp-json\/wp\/v2\/media?parent=20503"}],"wp:term":[{"taxonomy":"category","embeddable":true,"href":"https:\/\/diariorepublica.com.ar\/web\/index.php\/wp-json\/wp\/v2\/categories?post=20503"},{"taxonomy":"post_tag","embeddable":true,"href":"https:\/\/diariorepublica.com.ar\/web\/index.php\/wp-json\/wp\/v2\/tags?post=20503"}],"curies":[{"name":"wp","href":"https:\/\/api.w.org\/{rel}","templated":true}]}}