{"id":20506,"date":"2024-11-27T12:09:28","date_gmt":"2024-11-27T15:09:28","guid":{"rendered":"https:\/\/diariorepublica.com.ar\/web\/?p=20506"},"modified":"2024-11-27T12:09:30","modified_gmt":"2024-11-27T15:09:30","slug":"la-cedula-azul-ya-puede-gestionarse-desde-la-app-mi-argentina","status":"publish","type":"post","link":"https:\/\/diariorepublica.com.ar\/web\/index.php\/nacionales\/2024\/11\/27\/la-cedula-azul-ya-puede-gestionarse-desde-la-app-mi-argentina\/","title":{"rendered":"La c\u00e9dula azul ya puede gestionarse desde la app Mi Argentina"},"content":{"rendered":"<article id=\"article-post\" class=\"first\">\n<div class=\"cuerpo\" data-twitter-link=\"https:\/\/twitter.com\/intent\/tweet?url=https:\/\/www.diariopopular.com.ar\/c817332&amp;via=poopulardiario&amp;related=Popular&amp;text=\">\n<p class=\"\">Con la publicaci\u00f3n en el Bolet\u00edn Oficial, el<strong>\u00a0Ministerio de Justicia\u00a0<\/strong>oficializ\u00f3 este mi\u00e9rcoles la medida que permite a los titulares de veh\u00edculos habilitar a terceros para conducirlos, mediante la aplicaci\u00f3n\u00a0<strong>Mi Argentina<\/strong>.<\/p>\n<\/div>\n<\/article>\n<article id=\"article-post\">\n<div class=\"cuerpo\" data-twitter-link=\"https:\/\/twitter.com\/intent\/tweet?url=https:\/\/www.diariopopular.com.ar\/c817332&amp;via=poopulardiario&amp;related=Popular&amp;text=\">\n<p class=\"\">Esto significa la eliminaci\u00f3n de la \u201cC\u00e9dula de Identificaci\u00f3n para autorizado a conducir\u201d en formato f\u00edsico, que ser\u00e1 reemplazada por una versi\u00f3n digital con vigencia indefinida.<\/p>\n<p class=\"\">A partir de ahora, los titulares registrales podr\u00e1n habilitar a un tercero para visualizar la\u00a0<strong>C\u00e9dula de Identificaci\u00f3n Digital<\/strong>\u00a0a trav\u00e9s de su perfil en\u00a0<strong>Mi Argentina<\/strong>, permitiendo el uso del veh\u00edculo dentro del pa\u00eds e incluso su\u00a0<strong>egreso temporario al exterior<\/strong>.<\/p>\n<p><strong>Para habilitar a un tercero, el titular deber\u00e1:<\/strong><\/p>\n<ul class=\"\">\n<li class=\"\">Acceder a\u00a0<strong>Mi Argentina<\/strong>\u00a0en la secci\u00f3n \u201cMis veh\u00edculos\u201d.<\/li>\n<li class=\"\">Seleccionar el dominio del veh\u00edculo registrado a su nombre.<\/li>\n<li class=\"\">Elegir la opci\u00f3n \u201cHabilitar a conducir\u201d desde la c\u00e9dula vigente.<\/li>\n<li class=\"list__item\">Completar los datos del tercero (nombre, apellido y CUIT, CUIL o CDI).<\/li>\n<\/ul>\n<p class=\"\">\n<p class=\"\">Este sistema, respaldado por el\u00a0<strong>Departamento de Servicios Inform\u00e1ticos<\/strong>\u00a0y la\u00a0<strong>Subsecretar\u00eda de Tecnolog\u00edas de la Informaci\u00f3n y las Comunicaciones<\/strong>, garantiza mayor agilidad y simplicidad para los usuarios.<\/p>\n<p class=\"\">No obstante, se aclara que esta habilitaci\u00f3n no modifica la\u00a0<strong>responsabilidad civil del titular registral<\/strong>\u00a0por los da\u00f1os ocasionados con el veh\u00edculo.<\/p>\n<p>Entrada en vigencia<\/p>\n<p class=\"\">La medida rige desde este mi\u00e9rcoles. Asimismo, se notificar\u00e1 a organismos clave como la\u00a0<strong>Direcci\u00f3n Nacional de Migraciones<\/strong>, el\u00a0<strong>Ministerio de Seguridad<\/strong>\u00a0y la\u00a0<strong>Agencia Nacional de Seguridad Vial<\/strong>, para garantizar su correcta implementaci\u00f3n.<\/p>\n<\/div>\n<\/article>\n","protected":false},"excerpt":{"rendered":"<p>Con la publicaci\u00f3n en el Bolet\u00edn Oficial, el\u00a0Ministerio de Justicia\u00a0oficializ\u00f3 este mi\u00e9rcoles la medida que permite a los titulares de<\/p>\n","protected":false},"author":1,"featured_media":20507,"comment_status":"closed","ping_status":"closed","sticky":false,"template":"","format":"standard","meta":{"footnotes":"","jetpack_publicize_message":"","jetpack_publicize_feature_enabled":true,"jetpack_social_post_already_shared":true,"jetpack_social_options":{"image_generator_settings":{"template":"highway","enabled":false},"version":2}},"categories":[4],"tags":[],"class_list":["post-20506","post","type-post","status-publish","format-standard","has-post-thumbnail","hentry","category-nacionales"],"jetpack_publicize_connections":[],"_links":{"self":[{"href":"https:\/\/diariorepublica.com.ar\/web\/index.php\/wp-json\/wp\/v2\/posts\/20506"}],"collection":[{"href":"https:\/\/diariorepublica.com.ar\/web\/index.php\/wp-json\/wp\/v2\/posts"}],"about":[{"href":"https:\/\/diariorepublica.com.ar\/web\/index.php\/wp-json\/wp\/v2\/types\/post"}],"author":[{"embeddable":true,"href":"https:\/\/diariorepublica.com.ar\/web\/index.php\/wp-json\/wp\/v2\/users\/1"}],"replies":[{"embeddable":true,"href":"https:\/\/diariorepublica.com.ar\/web\/index.php\/wp-json\/wp\/v2\/comments?post=20506"}],"version-history":[{"count":1,"href":"https:\/\/diariorepublica.com.ar\/web\/index.php\/wp-json\/wp\/v2\/posts\/20506\/revisions"}],"predecessor-version":[{"id":20508,"href":"https:\/\/diariorepublica.com.ar\/web\/index.php\/wp-json\/wp\/v2\/posts\/20506\/revisions\/20508"}],"wp:featuredmedia":[{"embeddable":true,"href":"https:\/\/diariorepublica.com.ar\/web\/index.php\/wp-json\/wp\/v2\/media\/20507"}],"wp:attachment":[{"href":"https:\/\/diariorepublica.com.ar\/web\/index.php\/wp-json\/wp\/v2\/media?parent=20506"}],"wp:term":[{"taxonomy":"category","embeddable":true,"href":"https:\/\/diariorepublica.com.ar\/web\/index.php\/wp-json\/wp\/v2\/categories?post=20506"},{"taxonomy":"post_tag","embeddable":true,"href":"https:\/\/diariorepublica.com.ar\/web\/index.php\/wp-json\/wp\/v2\/tags?post=20506"}],"curies":[{"name":"wp","href":"https:\/\/api.w.org\/{rel}","templated":true}]}}