{"id":2052,"date":"2023-04-26T08:09:40","date_gmt":"2023-04-26T11:09:40","guid":{"rendered":"https:\/\/diariorepublica.com.ar\/web\/?p=2052"},"modified":"2023-04-26T08:09:41","modified_gmt":"2023-04-26T11:09:41","slug":"legislador-opositor-solicito-la-intervencion-federal-del-poder-judicial","status":"publish","type":"post","link":"https:\/\/diariorepublica.com.ar\/web\/index.php\/politica\/2023\/04\/26\/legislador-opositor-solicito-la-intervencion-federal-del-poder-judicial\/","title":{"rendered":"Legislador opositor solicit\u00f3 la intervenci\u00f3n federal del Poder Judicial"},"content":{"rendered":"<p>El diputado opositor Hugo \u00c1vila (Frente Amplio Catamarque\u00f1o) present\u00f3 un proyecto en la C\u00e1mara baja con el cual busca exhortar a los legisladores nacionales por Catamarca que pidan la intervenci\u00f3n federal del Poder Judicial de la Provincia.<\/p>\n<p>El diputado realiz\u00f3 este planteo al considerar que \u201csi no se desmantela la Justicia adicta al Gobierno no se podr\u00e1 investigar la corrupci\u00f3n reinante\u201d.<\/p>\n<p>\u00abLa existencia de un Poder Judicial sometido al Poder Ejecutivo, sumado a la abrupta mayor\u00eda en el Poder Legislativo que tiene el oficialismo, provoca que todos los hechos y pr\u00e1cticas que afectan garant\u00edas consagradas por la Constituci\u00f3n no tengan ni enjuiciamiento, ni fiscalizaci\u00f3n alguna, quedando los ciudadanos desprotegidos y rehenes ante las autoridades provinciales\u201d<\/p>\n<p>Avila asegur\u00f3 que el Gobierno lleva adelante un \u201ccopamiento pol\u00edtico del Poder Judicial, ubicando militantes partidarios\u201d, y enumer\u00f3 la ampliaci\u00f3n de miembros de la Corte, la eliminaci\u00f3n del Consejo de la Magistratura y la variedad de concursos declarados desiertos, \u201clo que le permiti\u00f3 al Poder Ejecutivo realizar las designaciones a dedo, con el fiscal Laureano Palacios como el caso m\u00e1s emblem\u00e1tico\u201d.<\/p>\n<p>En este contexto, afirm\u00f3 que \u201cel brutal crimen del ministro de Desarrollo Social, Juan Carlos Rojas, y muchos otros casos de caracter\u00edsticas similares, demuestran que los Poderes provinciales no son capaces de garantizar debidamente la vigencia del estado de derecho y el normal funcionamiento de las instituciones\u00bb.<\/p>\n","protected":false},"excerpt":{"rendered":"<p>El diputado opositor Hugo \u00c1vila (Frente Amplio Catamarque\u00f1o) present\u00f3 un proyecto en la C\u00e1mara baja con el cual busca exhortar<\/p>\n","protected":false},"author":2,"featured_media":2053,"comment_status":"closed","ping_status":"closed","sticky":false,"template":"","format":"standard","meta":{"footnotes":"","jetpack_publicize_message":"","jetpack_publicize_feature_enabled":true,"jetpack_social_post_already_shared":false,"jetpack_social_options":{"image_generator_settings":{"template":"highway","enabled":false},"version":2}},"categories":[12],"tags":[],"class_list":["post-2052","post","type-post","status-publish","format-standard","has-post-thumbnail","hentry","category-politica"],"jetpack_publicize_connections":[],"_links":{"self":[{"href":"https:\/\/diariorepublica.com.ar\/web\/index.php\/wp-json\/wp\/v2\/posts\/2052"}],"collection":[{"href":"https:\/\/diariorepublica.com.ar\/web\/index.php\/wp-json\/wp\/v2\/posts"}],"about":[{"href":"https:\/\/diariorepublica.com.ar\/web\/index.php\/wp-json\/wp\/v2\/types\/post"}],"author":[{"embeddable":true,"href":"https:\/\/diariorepublica.com.ar\/web\/index.php\/wp-json\/wp\/v2\/users\/2"}],"replies":[{"embeddable":true,"href":"https:\/\/diariorepublica.com.ar\/web\/index.php\/wp-json\/wp\/v2\/comments?post=2052"}],"version-history":[{"count":1,"href":"https:\/\/diariorepublica.com.ar\/web\/index.php\/wp-json\/wp\/v2\/posts\/2052\/revisions"}],"predecessor-version":[{"id":2054,"href":"https:\/\/diariorepublica.com.ar\/web\/index.php\/wp-json\/wp\/v2\/posts\/2052\/revisions\/2054"}],"wp:featuredmedia":[{"embeddable":true,"href":"https:\/\/diariorepublica.com.ar\/web\/index.php\/wp-json\/wp\/v2\/media\/2053"}],"wp:attachment":[{"href":"https:\/\/diariorepublica.com.ar\/web\/index.php\/wp-json\/wp\/v2\/media?parent=2052"}],"wp:term":[{"taxonomy":"category","embeddable":true,"href":"https:\/\/diariorepublica.com.ar\/web\/index.php\/wp-json\/wp\/v2\/categories?post=2052"},{"taxonomy":"post_tag","embeddable":true,"href":"https:\/\/diariorepublica.com.ar\/web\/index.php\/wp-json\/wp\/v2\/tags?post=2052"}],"curies":[{"name":"wp","href":"https:\/\/api.w.org\/{rel}","templated":true}]}}