{"id":20547,"date":"2024-11-28T12:03:21","date_gmt":"2024-11-28T15:03:21","guid":{"rendered":"https:\/\/diariorepublica.com.ar\/web\/?p=20547"},"modified":"2024-11-28T12:03:23","modified_gmt":"2024-11-28T15:03:23","slug":"se-realizo-en-huillapima-el-sexto-encuentro-del-ciclo-de-mujeres-el-poder-de-las-mariposas","status":"publish","type":"post","link":"https:\/\/diariorepublica.com.ar\/web\/index.php\/locales\/2024\/11\/28\/se-realizo-en-huillapima-el-sexto-encuentro-del-ciclo-de-mujeres-el-poder-de-las-mariposas\/","title":{"rendered":"Se realiz\u00f3 en Huillapima el sexto encuentro del ciclo de mujeres \u00abEl Poder De Las Mariposas\u00bb"},"content":{"rendered":"<p>La senadora por Capay\u00e1n, Andrea Lobo, particip\u00f3 en Huillapima junto al senador por FME, Guillermo Ferreira, y el intendente local, Omar Soria, en el sexto encuentro del ciclo \u00abEl Poder de las Mariposas: Camino al 25N\u00bb, donde se trabaj\u00f3 junto a mujeres de diversos \u00e1mbitos la tem\u00e1tica \u00abCalidad de vida, econ\u00f3mica y social\u00bb.<\/p>\n<p>Las invitadas especiales de esta sexta y \u00faltima reuni\u00f3n fueron; Noelia Reartes, directora de Producci\u00f3n y Ambiente del Municipio de Huillapima; Graciela Peressoni, presidenta del Sindicato de Amas de Casa y delegada de la obra social OSSACRA; Nancy Qui\u00f1ones, referente del Movimiento Federal de la Revoluci\u00f3n de las viejas, junto a mujeres pertenecientes a distintos \u00e1mbitos del departamento de Capay\u00e1n, as\u00ed como tambi\u00e9n de Capital, Valle Viejo y Ambato entre otros lugares de la provincia. La jornada cont\u00f3 con un emotivo cierre a cargo de Abril Granillo, campeona nacional de malambo.<\/p>\n<p>La iniciativa tiene por objetivo generar un espacio de reflexi\u00f3n y encuentro con mujeres desde j\u00f3venes hasta adultas mayores, para abordar ciertas tem\u00e1ticas que tienen un impacto directo o indirecto en sus vidas.<\/p>\n","protected":false},"excerpt":{"rendered":"<p>La senadora por Capay\u00e1n, Andrea Lobo, particip\u00f3 en Huillapima junto al senador por FME, Guillermo Ferreira, y el intendente local,<\/p>\n","protected":false},"author":1,"featured_media":20548,"comment_status":"closed","ping_status":"closed","sticky":false,"template":"","format":"standard","meta":{"footnotes":"","jetpack_publicize_message":"","jetpack_publicize_feature_enabled":true,"jetpack_social_post_already_shared":true,"jetpack_social_options":{"image_generator_settings":{"template":"highway","enabled":false},"version":2}},"categories":[2],"tags":[],"class_list":["post-20547","post","type-post","status-publish","format-standard","has-post-thumbnail","hentry","category-locales"],"jetpack_publicize_connections":[],"_links":{"self":[{"href":"https:\/\/diariorepublica.com.ar\/web\/index.php\/wp-json\/wp\/v2\/posts\/20547"}],"collection":[{"href":"https:\/\/diariorepublica.com.ar\/web\/index.php\/wp-json\/wp\/v2\/posts"}],"about":[{"href":"https:\/\/diariorepublica.com.ar\/web\/index.php\/wp-json\/wp\/v2\/types\/post"}],"author":[{"embeddable":true,"href":"https:\/\/diariorepublica.com.ar\/web\/index.php\/wp-json\/wp\/v2\/users\/1"}],"replies":[{"embeddable":true,"href":"https:\/\/diariorepublica.com.ar\/web\/index.php\/wp-json\/wp\/v2\/comments?post=20547"}],"version-history":[{"count":1,"href":"https:\/\/diariorepublica.com.ar\/web\/index.php\/wp-json\/wp\/v2\/posts\/20547\/revisions"}],"predecessor-version":[{"id":20549,"href":"https:\/\/diariorepublica.com.ar\/web\/index.php\/wp-json\/wp\/v2\/posts\/20547\/revisions\/20549"}],"wp:featuredmedia":[{"embeddable":true,"href":"https:\/\/diariorepublica.com.ar\/web\/index.php\/wp-json\/wp\/v2\/media\/20548"}],"wp:attachment":[{"href":"https:\/\/diariorepublica.com.ar\/web\/index.php\/wp-json\/wp\/v2\/media?parent=20547"}],"wp:term":[{"taxonomy":"category","embeddable":true,"href":"https:\/\/diariorepublica.com.ar\/web\/index.php\/wp-json\/wp\/v2\/categories?post=20547"},{"taxonomy":"post_tag","embeddable":true,"href":"https:\/\/diariorepublica.com.ar\/web\/index.php\/wp-json\/wp\/v2\/tags?post=20547"}],"curies":[{"name":"wp","href":"https:\/\/api.w.org\/{rel}","templated":true}]}}