{"id":2055,"date":"2023-04-26T08:40:01","date_gmt":"2023-04-26T11:40:01","guid":{"rendered":"https:\/\/diariorepublica.com.ar\/web\/?p=2055"},"modified":"2023-04-26T08:40:02","modified_gmt":"2023-04-26T11:40:02","slug":"le-sugiero-a-la-oposicion-que-antes-de-opinar-algo-primero-se-pongan-de-acuerdo","status":"publish","type":"post","link":"https:\/\/diariorepublica.com.ar\/web\/index.php\/politica\/2023\/04\/26\/le-sugiero-a-la-oposicion-que-antes-de-opinar-algo-primero-se-pongan-de-acuerdo\/","title":{"rendered":"\u201cLe sugiero a la oposici\u00f3n que antes de opinar algo, primero se pongan de acuerdo\u201d"},"content":{"rendered":"<p>La presidenta de la C\u00e1mara de Diputados, Cecilia Guerrero, se expres\u00f3 en relacion a la polemica suscitada con el tema de la posible utilizacion de Boleta Unica en las proximas elecciones y la posibilidad de llevar a cabo un desacople electoral tanto municipal como provincial y las posturas abonadas de la opisici\u00f3n frente a estos temas. Para el caso, la legisladora oficialista record\u00f3 que fue el edil radical Fernando Navarro \u201cquien pidi\u00f3 concretamente al municipio la implementaci\u00f3n del sistema electoral por boleta \u00fanica y a partir de ah\u00ed hubo un comunicado que fue muy contundente de la UCR pidiendo la extensi\u00f3n de este sistema electoral a las elecciones provinciales\u201d.<\/p>\n<p>En este orden de ideas, Guerrero les sugiri\u00f3 que \u201cprimero se pongan de acuerdo porque las contradicciones en las que incursan son justamente las que evidencian la falta de unidad de criterio en los sectores de oposici\u00f3n\u201d.<\/p>\n","protected":false},"excerpt":{"rendered":"<p>La presidenta de la C\u00e1mara de Diputados, Cecilia Guerrero, se expres\u00f3 en relacion a la polemica suscitada con el tema<\/p>\n","protected":false},"author":2,"featured_media":2060,"comment_status":"closed","ping_status":"closed","sticky":false,"template":"","format":"standard","meta":{"footnotes":"","jetpack_publicize_message":"","jetpack_publicize_feature_enabled":true,"jetpack_social_post_already_shared":false,"jetpack_social_options":{"image_generator_settings":{"template":"highway","enabled":false},"version":2}},"categories":[12],"tags":[],"class_list":["post-2055","post","type-post","status-publish","format-standard","has-post-thumbnail","hentry","category-politica"],"jetpack_publicize_connections":[],"_links":{"self":[{"href":"https:\/\/diariorepublica.com.ar\/web\/index.php\/wp-json\/wp\/v2\/posts\/2055"}],"collection":[{"href":"https:\/\/diariorepublica.com.ar\/web\/index.php\/wp-json\/wp\/v2\/posts"}],"about":[{"href":"https:\/\/diariorepublica.com.ar\/web\/index.php\/wp-json\/wp\/v2\/types\/post"}],"author":[{"embeddable":true,"href":"https:\/\/diariorepublica.com.ar\/web\/index.php\/wp-json\/wp\/v2\/users\/2"}],"replies":[{"embeddable":true,"href":"https:\/\/diariorepublica.com.ar\/web\/index.php\/wp-json\/wp\/v2\/comments?post=2055"}],"version-history":[{"count":1,"href":"https:\/\/diariorepublica.com.ar\/web\/index.php\/wp-json\/wp\/v2\/posts\/2055\/revisions"}],"predecessor-version":[{"id":2061,"href":"https:\/\/diariorepublica.com.ar\/web\/index.php\/wp-json\/wp\/v2\/posts\/2055\/revisions\/2061"}],"wp:featuredmedia":[{"embeddable":true,"href":"https:\/\/diariorepublica.com.ar\/web\/index.php\/wp-json\/wp\/v2\/media\/2060"}],"wp:attachment":[{"href":"https:\/\/diariorepublica.com.ar\/web\/index.php\/wp-json\/wp\/v2\/media?parent=2055"}],"wp:term":[{"taxonomy":"category","embeddable":true,"href":"https:\/\/diariorepublica.com.ar\/web\/index.php\/wp-json\/wp\/v2\/categories?post=2055"},{"taxonomy":"post_tag","embeddable":true,"href":"https:\/\/diariorepublica.com.ar\/web\/index.php\/wp-json\/wp\/v2\/tags?post=2055"}],"curies":[{"name":"wp","href":"https:\/\/api.w.org\/{rel}","templated":true}]}}