{"id":2056,"date":"2023-04-26T08:21:20","date_gmt":"2023-04-26T11:21:20","guid":{"rendered":"https:\/\/diariorepublica.com.ar\/web\/?p=2056"},"modified":"2023-04-26T08:21:22","modified_gmt":"2023-04-26T11:21:22","slug":"catamarca-con-vos-y-el-municipio-en-tu-barrio-en-el-barrio-alem","status":"publish","type":"post","link":"https:\/\/diariorepublica.com.ar\/web\/index.php\/sociedad\/2023\/04\/26\/catamarca-con-vos-y-el-municipio-en-tu-barrio-en-el-barrio-alem\/","title":{"rendered":"Catamarca con Vos y el Municipio en tu Barrio, en el Barrio Alem"},"content":{"rendered":"<p>El programa provincial que busca acercar los tr\u00e1mites y servicios a todos los catamarque\u00f1os, llega ma\u00f1ana al Barrio Alem. A trav\u00e9s de m\u00f3viles ubicados en puntos estrat\u00e9gicos, \u201cCatamarca con Vos\u201d en conjunto con \u201cMunicipio en tu Barrio\u201d estar\u00e1n presentes este mi\u00e9rcoles 26 de abril, de 14:00 a 17:00 horas en la plaza Bella Vista, ubicado al Este de la ciudad Capital.<\/p>\n<p>El programa \u201cCatamarca con Vos\u201d del Ministerio de Gobierno, Justicia y Derechos Humanos es organizado por la Secretar\u00eda de Asuntos Institucionales y tiene como principal objetivo acercar soluciones a los vecinos a trav\u00e9s de diferentes servicios de manera r\u00e1pida, sencilla y con profesionales de cada \u00e1rea para otorgar una atenci\u00f3n espec\u00edfica.<\/p>\n<p>Distintos organismos de los Ministerios de Gobierno, Justicia y Derechos Humanos, Desarrollo Social; Seguridad; Salud; Ciencia e Innovaci\u00f3n Tecnol\u00f3gica; Vivienda y Ministerio de Trabajo, Empleo y Seguridad Social de la Naci\u00f3n. Adem\u00e1s, acompa\u00f1ar\u00e1n la Caja de Cr\u00e9dito y Prestaciones de la Provincia; ARCA; y el Registro Civil.<\/p>\n<p>Tambi\u00e9n formar\u00e1n parte del programa las \u00e1reas de la Secretar\u00eda de Mujeres, G\u00e9neros y Diversidad, Secretar\u00eda de Pol\u00edticas Juveniles, Direcci\u00f3n Provincial de Participaci\u00f3n Ciudadana; Direcci\u00f3n Provincial de Derechos Humanos, Direcci\u00f3n Provincial de Acci\u00f3n Cooperativa y Mutual, Inspecci\u00f3n General de Personas Jur\u00eddicas, y la Direcci\u00f3n de Justicia, dependientes del Ministerio de Gobierno, Justicia y Derechos Humanos.<\/p>\n<p>De igual manera, las \u00e1reas del Municipio Capitalino ofrecer\u00e1n un nodo de vacunaci\u00f3n, punto de reciclaje, corte de pelo, talleres, entre otras interesantes propuestas.<\/p>\n","protected":false},"excerpt":{"rendered":"<p>El programa provincial que busca acercar los tr\u00e1mites y servicios a todos los catamarque\u00f1os, llega ma\u00f1ana al Barrio Alem. A<\/p>\n","protected":false},"author":1,"featured_media":2057,"comment_status":"closed","ping_status":"closed","sticky":false,"template":"","format":"standard","meta":{"footnotes":"","jetpack_publicize_message":"","jetpack_publicize_feature_enabled":true,"jetpack_social_post_already_shared":false,"jetpack_social_options":{"image_generator_settings":{"template":"highway","enabled":false},"version":2}},"categories":[3],"tags":[],"class_list":["post-2056","post","type-post","status-publish","format-standard","has-post-thumbnail","hentry","category-sociedad"],"jetpack_publicize_connections":[],"_links":{"self":[{"href":"https:\/\/diariorepublica.com.ar\/web\/index.php\/wp-json\/wp\/v2\/posts\/2056"}],"collection":[{"href":"https:\/\/diariorepublica.com.ar\/web\/index.php\/wp-json\/wp\/v2\/posts"}],"about":[{"href":"https:\/\/diariorepublica.com.ar\/web\/index.php\/wp-json\/wp\/v2\/types\/post"}],"author":[{"embeddable":true,"href":"https:\/\/diariorepublica.com.ar\/web\/index.php\/wp-json\/wp\/v2\/users\/1"}],"replies":[{"embeddable":true,"href":"https:\/\/diariorepublica.com.ar\/web\/index.php\/wp-json\/wp\/v2\/comments?post=2056"}],"version-history":[{"count":1,"href":"https:\/\/diariorepublica.com.ar\/web\/index.php\/wp-json\/wp\/v2\/posts\/2056\/revisions"}],"predecessor-version":[{"id":2058,"href":"https:\/\/diariorepublica.com.ar\/web\/index.php\/wp-json\/wp\/v2\/posts\/2056\/revisions\/2058"}],"wp:featuredmedia":[{"embeddable":true,"href":"https:\/\/diariorepublica.com.ar\/web\/index.php\/wp-json\/wp\/v2\/media\/2057"}],"wp:attachment":[{"href":"https:\/\/diariorepublica.com.ar\/web\/index.php\/wp-json\/wp\/v2\/media?parent=2056"}],"wp:term":[{"taxonomy":"category","embeddable":true,"href":"https:\/\/diariorepublica.com.ar\/web\/index.php\/wp-json\/wp\/v2\/categories?post=2056"},{"taxonomy":"post_tag","embeddable":true,"href":"https:\/\/diariorepublica.com.ar\/web\/index.php\/wp-json\/wp\/v2\/tags?post=2056"}],"curies":[{"name":"wp","href":"https:\/\/api.w.org\/{rel}","templated":true}]}}