{"id":20586,"date":"2024-11-29T09:46:16","date_gmt":"2024-11-29T12:46:16","guid":{"rendered":"https:\/\/diariorepublica.com.ar\/web\/?p=20586"},"modified":"2024-11-29T09:46:18","modified_gmt":"2024-11-29T12:46:18","slug":"asistencia-integral-tras-el-temporal-en-telaritos-departamento-capayan","status":"publish","type":"post","link":"https:\/\/diariorepublica.com.ar\/web\/index.php\/sociedad\/2024\/11\/29\/asistencia-integral-tras-el-temporal-en-telaritos-departamento-capayan\/","title":{"rendered":"Asistencia integral tras el temporal en Telaritos, departamento Capay\u00e1n"},"content":{"rendered":"<p>El Ministerio de Seguridad de la Provincia informa que, tras el fuerte temporal que impact\u00f3 sobre la localidad de Telaritos entre la noche del mi\u00e9rcoles y la madrugada del jueves, se despleg\u00f3 un operativo integral de asistencia y rehabilitaci\u00f3n.<\/p>\n<p>El fen\u00f3meno meteorol\u00f3gico ocasion\u00f3 graves da\u00f1os, entre ellos: personas lesionadas, voladuras de techos en viviendas particulares, iglesias, escuelas y dependencias p\u00fablicas; ca\u00edda de postes de alta y media tensi\u00f3n; inundaciones; anegamientos totales de viviendas; da\u00f1os en veh\u00edculos y animales. A ra\u00edz de la situaci\u00f3n, varias familias fueron evacuadas.<\/p>\n<p>En respuesta inmediata, se habilitaron centros de evacuaci\u00f3n en la escuela, jard\u00edn de infantes y submunicipalidad.<\/p>\n<p>La Ministra de Seguridad, Dra. Fabiola Segura estuvo presente en el lugar, coordinando las acciones con Griselda Gait\u00e1n del Ministerio de Desarrollo Social y el intendente del departamento Capay\u00e1n, Alfredo Hoffman, jefe de polic\u00eda, Crio. Gral. Cordoba Ulises, Subjefe de policia, Cr\u00edo. Gral. S\u00e1nchez Victor junto con las \u00e1reas de Protecci\u00f3n Civil, Polic\u00eda de la Provincia, Incendios Forestales, Participaci\u00f3n Ciudadana y Seguridad Ciudadana, en conjunto con el personal del municipio y otros organismos.<\/p>\n<p>Las tareas desplegadas incluyen:<\/p>\n<p>Asistencia a las familias afectadas y reubicaci\u00f3n en centros de evacuaci\u00f3n.<\/p>\n<p>Rehabilitaci\u00f3n del sistema el\u00e9ctrico y de agua potable, ya que la localidad permanece sin servicios b\u00e1sicos.<\/p>\n<p>Relevamientos de da\u00f1os en viviendas, estructuras p\u00fablicas y privadas.<\/p>\n","protected":false},"excerpt":{"rendered":"<p>El Ministerio de Seguridad de la Provincia informa que, tras el fuerte temporal que impact\u00f3 sobre la localidad de Telaritos<\/p>\n","protected":false},"author":1,"featured_media":20587,"comment_status":"closed","ping_status":"closed","sticky":false,"template":"","format":"standard","meta":{"footnotes":"","jetpack_publicize_message":"","jetpack_publicize_feature_enabled":true,"jetpack_social_post_already_shared":true,"jetpack_social_options":{"image_generator_settings":{"template":"highway","enabled":false},"version":2}},"categories":[3],"tags":[],"class_list":["post-20586","post","type-post","status-publish","format-standard","has-post-thumbnail","hentry","category-sociedad"],"jetpack_publicize_connections":[],"_links":{"self":[{"href":"https:\/\/diariorepublica.com.ar\/web\/index.php\/wp-json\/wp\/v2\/posts\/20586"}],"collection":[{"href":"https:\/\/diariorepublica.com.ar\/web\/index.php\/wp-json\/wp\/v2\/posts"}],"about":[{"href":"https:\/\/diariorepublica.com.ar\/web\/index.php\/wp-json\/wp\/v2\/types\/post"}],"author":[{"embeddable":true,"href":"https:\/\/diariorepublica.com.ar\/web\/index.php\/wp-json\/wp\/v2\/users\/1"}],"replies":[{"embeddable":true,"href":"https:\/\/diariorepublica.com.ar\/web\/index.php\/wp-json\/wp\/v2\/comments?post=20586"}],"version-history":[{"count":1,"href":"https:\/\/diariorepublica.com.ar\/web\/index.php\/wp-json\/wp\/v2\/posts\/20586\/revisions"}],"predecessor-version":[{"id":20588,"href":"https:\/\/diariorepublica.com.ar\/web\/index.php\/wp-json\/wp\/v2\/posts\/20586\/revisions\/20588"}],"wp:featuredmedia":[{"embeddable":true,"href":"https:\/\/diariorepublica.com.ar\/web\/index.php\/wp-json\/wp\/v2\/media\/20587"}],"wp:attachment":[{"href":"https:\/\/diariorepublica.com.ar\/web\/index.php\/wp-json\/wp\/v2\/media?parent=20586"}],"wp:term":[{"taxonomy":"category","embeddable":true,"href":"https:\/\/diariorepublica.com.ar\/web\/index.php\/wp-json\/wp\/v2\/categories?post=20586"},{"taxonomy":"post_tag","embeddable":true,"href":"https:\/\/diariorepublica.com.ar\/web\/index.php\/wp-json\/wp\/v2\/tags?post=20586"}],"curies":[{"name":"wp","href":"https:\/\/api.w.org\/{rel}","templated":true}]}}