{"id":20613,"date":"2024-12-02T18:17:46","date_gmt":"2024-12-02T21:17:46","guid":{"rendered":"https:\/\/diariorepublica.com.ar\/web\/?p=20613"},"modified":"2024-12-02T18:17:48","modified_gmt":"2024-12-02T21:17:48","slug":"convocatoria-para-el-2-salon-provincial-de-artes-visuales-de-catamarca","status":"publish","type":"post","link":"https:\/\/diariorepublica.com.ar\/web\/index.php\/sociedad\/2024\/12\/02\/convocatoria-para-el-2-salon-provincial-de-artes-visuales-de-catamarca\/","title":{"rendered":"Convocatoria para el 2\u00b0 Sal\u00f3n Provincial de Artes Visuales de Catamarca"},"content":{"rendered":"<p>El Gobierno de la Provincia de Catamarca, a trav\u00e9s del Ministerio de Cultura, Turismo y Deporte, invita a artistas visuales a participar del\u00a0<strong>2\u00b0 Sal\u00f3n Provincial de Artes Visuales de Catamarca<\/strong>, organizado por la Direcci\u00f3n Provincial de Patrimonio y Museos y el Museo Provincial de Bellas Artes Laureano Brizuela.<\/p>\n<p><strong>La convocatoria estar\u00e1 abierta desde el lunes 2 de diciembre de 2024 hasta el 16 de marzo de 2025 a las 23:59 horas.\u00a0<\/strong><\/p>\n<p>El Sal\u00f3n abarca seis disciplinas:\u00a0<strong>Pintura, Fotograf\u00eda, Grabado, Textil, Dibujo, Escultura.\u00a0<\/strong>La tem\u00e1tica es libre, ofreciendo un espacio para la creatividad y diversidad en las propuestas art\u00edsticas.<\/p>\n<p><strong>Inscripci\u00f3n<\/strong><\/p>\n<p>Podr\u00e1n participar artistas mayores de 18 a\u00f1os, nacidos o residentes en la provincia con una residencia comprobable m\u00ednima de dos a\u00f1os.<br \/>\nLa inscripci\u00f3n se realiza enviando la documentaci\u00f3n requerida al correo:\u00a0<strong><a href=\"mailto:artesvisualessalon@gmail.com\" target=\"_blank\" rel=\"noopener\">artesvisualessalon@gmail.com<\/a><\/strong>. Entre los documentos solicitados se incluyen ficha de inscripci\u00f3n, imagen de la obra, memoria descriptiva y conceptual, y material audiovisual en alta calidad.<\/p>\n<p>El reglamento completo est\u00e1 disponible en\u00a0<a href=\"https:\/\/bit.ly\/SalonArtesVisualesCatamarca\" target=\"_blank\" rel=\"noopener\" data-saferedirecturl=\"https:\/\/www.google.com\/url?q=https:\/\/bit.ly\/SalonArtesVisualesCatamarca&amp;source=gmail&amp;ust=1733236796282000&amp;usg=AOvVaw3kaB5I3kRR5yIyEGoi361U\">https:\/\/bit.ly\/SalonArtesVisualesCatamarca<\/a>\u00a0y al final se puede acceder al\u00a0<a href=\"https:\/\/docs.google.com\/forms\/d\/1zYmrbeDDq-V3jUsec1Jp11SBSiD85Nk1S3b7eIWVK8Y\/viewform?edit_requested=true\" target=\"_blank\" rel=\"noopener\" data-saferedirecturl=\"https:\/\/www.google.com\/url?q=https:\/\/docs.google.com\/forms\/d\/1zYmrbeDDq-V3jUsec1Jp11SBSiD85Nk1S3b7eIWVK8Y\/viewform?edit_requested%3Dtrue&amp;source=gmail&amp;ust=1733236796282000&amp;usg=AOvVaw2kQriI2NJ_GRBaalxAwM04\">formulario de inscripci\u00f3n<\/a><\/p>\n<p><strong>Premios<\/strong><\/p>\n<p>Se otorgar\u00e1n premios adquisici\u00f3n:<\/p>\n<p>\u00b7<strong>1\u00b0 Premio:<\/strong>\u00a0$1.300.000<\/p>\n<p>\u00b7<strong>2\u00b0 Premio:<\/strong>\u00a0$900.000<\/p>\n<p>\u00b7<strong>3\u00b0 Premio:<\/strong>\u00a0$700.000<\/p>\n<p>Adem\u00e1s, se asignar\u00e1n dos menciones adquisici\u00f3n de $300.000 cada una. Las obras premiadas pasar\u00e1n a formar parte del Patrimonio Art\u00edstico Provincial.<\/p>\n<p>El jurado estar\u00e1 compuesto por destacadas personalidades del \u00e1mbito art\u00edstico. Evaluar\u00e1 las obras seg\u00fan m\u00e9rito art\u00edstico, t\u00e9cnica y conceptualizaci\u00f3n.\u00a0<strong>Los resultados ser\u00e1n anunciados el 14 de abril de 2025.\u00a0<\/strong><\/p>\n<p>Las obras seleccionadas y premiadas ser\u00e1n exhibidas en un espacio designado por la Direcci\u00f3n Provincial de Patrimonio y Museos, donde se anunciar\u00e1n los ganadores.<\/p>\n<p><strong>Sal\u00f3n del Bicentenario<\/strong><\/p>\n<p>Este es el segundo Sal\u00f3n de Artes Visuales organizado a nivel provincial. El 1\u00ba, cuyo lanzamiento fue en 2023 y la premiaci\u00f3n en 2024, fue convocado en el marco del Bicentenario de la Autonom\u00eda de Catamarca y premi\u00f3 a Claudia Pucheta, en primer lugar por su obra de arte textil \u201cCaminar sin hacer camino\u201d, en 2\u00ba lugar a Mar\u00eda Estela Moreno por una obra en cer\u00e1mica \u201cDe este agua has de beber\u201d, el 3\u00ba premio fue para Karim Zaid Ayame por la fotograf\u00eda \u201cEn el lado Oeste del Valle\u201d; y hubo dos menciones: a Giselle Issetta por la pintura \u201cTardecita\u201d y a Ada Cigno por el grabado \u201cEl jard\u00edn de Gi\u201d.<\/p>\n","protected":false},"excerpt":{"rendered":"<p>El Gobierno de la Provincia de Catamarca, a trav\u00e9s del Ministerio de Cultura, Turismo y Deporte, invita a artistas visuales<\/p>\n","protected":false},"author":1,"featured_media":20614,"comment_status":"closed","ping_status":"closed","sticky":false,"template":"","format":"standard","meta":{"footnotes":"","jetpack_publicize_message":"","jetpack_publicize_feature_enabled":true,"jetpack_social_post_already_shared":true,"jetpack_social_options":{"image_generator_settings":{"template":"highway","enabled":false},"version":2}},"categories":[3],"tags":[],"class_list":["post-20613","post","type-post","status-publish","format-standard","has-post-thumbnail","hentry","category-sociedad"],"jetpack_publicize_connections":[],"_links":{"self":[{"href":"https:\/\/diariorepublica.com.ar\/web\/index.php\/wp-json\/wp\/v2\/posts\/20613"}],"collection":[{"href":"https:\/\/diariorepublica.com.ar\/web\/index.php\/wp-json\/wp\/v2\/posts"}],"about":[{"href":"https:\/\/diariorepublica.com.ar\/web\/index.php\/wp-json\/wp\/v2\/types\/post"}],"author":[{"embeddable":true,"href":"https:\/\/diariorepublica.com.ar\/web\/index.php\/wp-json\/wp\/v2\/users\/1"}],"replies":[{"embeddable":true,"href":"https:\/\/diariorepublica.com.ar\/web\/index.php\/wp-json\/wp\/v2\/comments?post=20613"}],"version-history":[{"count":1,"href":"https:\/\/diariorepublica.com.ar\/web\/index.php\/wp-json\/wp\/v2\/posts\/20613\/revisions"}],"predecessor-version":[{"id":20615,"href":"https:\/\/diariorepublica.com.ar\/web\/index.php\/wp-json\/wp\/v2\/posts\/20613\/revisions\/20615"}],"wp:featuredmedia":[{"embeddable":true,"href":"https:\/\/diariorepublica.com.ar\/web\/index.php\/wp-json\/wp\/v2\/media\/20614"}],"wp:attachment":[{"href":"https:\/\/diariorepublica.com.ar\/web\/index.php\/wp-json\/wp\/v2\/media?parent=20613"}],"wp:term":[{"taxonomy":"category","embeddable":true,"href":"https:\/\/diariorepublica.com.ar\/web\/index.php\/wp-json\/wp\/v2\/categories?post=20613"},{"taxonomy":"post_tag","embeddable":true,"href":"https:\/\/diariorepublica.com.ar\/web\/index.php\/wp-json\/wp\/v2\/tags?post=20613"}],"curies":[{"name":"wp","href":"https:\/\/api.w.org\/{rel}","templated":true}]}}