{"id":2062,"date":"2023-04-26T08:43:09","date_gmt":"2023-04-26T11:43:09","guid":{"rendered":"https:\/\/diariorepublica.com.ar\/web\/?p=2062"},"modified":"2023-04-26T08:43:11","modified_gmt":"2023-04-26T11:43:11","slug":"el-gobierno-debe-tomar-medidas-de-manera-urgente-porque-sino-no-llegamos-a-diciembre","status":"publish","type":"post","link":"https:\/\/diariorepublica.com.ar\/web\/index.php\/politica\/2023\/04\/26\/el-gobierno-debe-tomar-medidas-de-manera-urgente-porque-sino-no-llegamos-a-diciembre\/","title":{"rendered":"\u201cEl Gobierno debe tomar medidas de manera urgente porque sin\u00f3 no llegamos a diciembre\u201d"},"content":{"rendered":"<p>El representante de Encuentro Republicano Federal (ERF) en Catamarca, Fernando Musella, se refiri\u00f3 en duros t\u00e9rminos al problema inflacionario del pa\u00eds y carg\u00f3 contra del gobierno de Alberto Fern\u00e1ndez. El dirigente local del espacio fundado por Miguel \u00c1ngel Pichetto consider\u00f3 que el Gobierno Nacional est\u00e1 \u201cm\u00e1s preocupado por su bienestar personal que por el de la poblaci\u00f3n y as\u00ed va a ser muy dif\u00edcil llegar a diciembre\u201d.<\/p>\n<p>En primer lugar, consider\u00f3 que Naci\u00f3n \u201ctiene que tomar una medida de emergencia y frenar la corrida cambiaria\u201d. Es que la suba del d\u00f3lar \u201ctiene impacto directo sobre los precios y ya hay sectores que remarcaron el valor de los productos b\u00e1sicos que la gente usa para comer\u201d. Para Musella, \u201cestamos ante una crisis hist\u00f3rica y una inflaci\u00f3n desenfrenada producto de la p\u00e9sima gesti\u00f3n de un Gobierno que est\u00e1 m\u00e1s preocupado por las elecciones que por lo que ocurre en el pa\u00eds\u201d.<\/p>\n<p>Musella remarc\u00f3 que desde su perspectiva ve \u201cun Gobierno muy complicado, que est\u00e1 manejado por un grupo de ineptos m\u00e1s preocupados por su bienestar personal que por el de la poblaci\u00f3n y as\u00ed va a ser muy dif\u00edcil llegar a diciembre\u201d.<\/p>\n<p>\u201cEs obvio que este Gobierno ha perdido credibilidad y confianza en la gente y son pocas las posibilidades de enfriar el mercado cambiario, pero deben dictar medidas urgentes, como reducir el gasto p\u00fablico, si no quieren que todo vuele por los aires\u201d<\/p>\n","protected":false},"excerpt":{"rendered":"<p>El representante de Encuentro Republicano Federal (ERF) en Catamarca, Fernando Musella, se refiri\u00f3 en duros t\u00e9rminos al problema inflacionario del<\/p>\n","protected":false},"author":2,"featured_media":2063,"comment_status":"closed","ping_status":"closed","sticky":false,"template":"","format":"standard","meta":{"footnotes":"","jetpack_publicize_message":"","jetpack_publicize_feature_enabled":true,"jetpack_social_post_already_shared":false,"jetpack_social_options":{"image_generator_settings":{"template":"highway","enabled":false},"version":2}},"categories":[12],"tags":[],"class_list":["post-2062","post","type-post","status-publish","format-standard","has-post-thumbnail","hentry","category-politica"],"jetpack_publicize_connections":[],"_links":{"self":[{"href":"https:\/\/diariorepublica.com.ar\/web\/index.php\/wp-json\/wp\/v2\/posts\/2062"}],"collection":[{"href":"https:\/\/diariorepublica.com.ar\/web\/index.php\/wp-json\/wp\/v2\/posts"}],"about":[{"href":"https:\/\/diariorepublica.com.ar\/web\/index.php\/wp-json\/wp\/v2\/types\/post"}],"author":[{"embeddable":true,"href":"https:\/\/diariorepublica.com.ar\/web\/index.php\/wp-json\/wp\/v2\/users\/2"}],"replies":[{"embeddable":true,"href":"https:\/\/diariorepublica.com.ar\/web\/index.php\/wp-json\/wp\/v2\/comments?post=2062"}],"version-history":[{"count":1,"href":"https:\/\/diariorepublica.com.ar\/web\/index.php\/wp-json\/wp\/v2\/posts\/2062\/revisions"}],"predecessor-version":[{"id":2064,"href":"https:\/\/diariorepublica.com.ar\/web\/index.php\/wp-json\/wp\/v2\/posts\/2062\/revisions\/2064"}],"wp:featuredmedia":[{"embeddable":true,"href":"https:\/\/diariorepublica.com.ar\/web\/index.php\/wp-json\/wp\/v2\/media\/2063"}],"wp:attachment":[{"href":"https:\/\/diariorepublica.com.ar\/web\/index.php\/wp-json\/wp\/v2\/media?parent=2062"}],"wp:term":[{"taxonomy":"category","embeddable":true,"href":"https:\/\/diariorepublica.com.ar\/web\/index.php\/wp-json\/wp\/v2\/categories?post=2062"},{"taxonomy":"post_tag","embeddable":true,"href":"https:\/\/diariorepublica.com.ar\/web\/index.php\/wp-json\/wp\/v2\/tags?post=2062"}],"curies":[{"name":"wp","href":"https:\/\/api.w.org\/{rel}","templated":true}]}}