{"id":20625,"date":"2024-12-02T19:25:00","date_gmt":"2024-12-02T22:25:00","guid":{"rendered":"https:\/\/diariorepublica.com.ar\/web\/?p=20625"},"modified":"2024-12-02T18:26:14","modified_gmt":"2024-12-02T21:26:14","slug":"se-confirmo-la-lesion-del-dibu-martinez-se-fracturo-el-menique-izquierdo","status":"publish","type":"post","link":"https:\/\/diariorepublica.com.ar\/web\/index.php\/deportes\/2024\/12\/02\/se-confirmo-la-lesion-del-dibu-martinez-se-fracturo-el-menique-izquierdo\/","title":{"rendered":"Se confirm\u00f3 la lesi\u00f3n del Dibu Mart\u00ednez: se fractur\u00f3 el me\u00f1ique izquierdo"},"content":{"rendered":"<p>El arquero de la Selecci\u00f3n argentina E<strong>miliano \u201cDibu\u201d Mart\u00ednez sufri\u00f3 una peque\u00f1a fractura en el dedo me\u00f1ique de su mano izquierda\u00a0<\/strong>durante la\u00a0<strong>derrota de Aston Villa 3-0 ante el Chelsea<\/strong>. Aunque\u00a0<strong>fue reemplazado en el entretiempo<\/strong>\u00a0por molestias adicionales en la espalda, el\u00a0<strong>cuerpo m\u00e9dico confirm\u00f3\u00a0<\/strong>que su recuperaci\u00f3n ser\u00e1 r\u00e1pida y<strong>\u00a0podr\u00e1 volver al arco en el corto plazo<\/strong>.<\/p>\n<p><strong>El incidente ocurri\u00f3 a los 29 minutos<\/strong>\u00a0del primer tiempo, cuando el \u201c<strong>Dibu\u201d intent\u00f3 corregir un error\u00a0<\/strong>tras regalarle el bal\u00f3n al delantero rival\u00a0<strong>Nicolas Jackson,<\/strong>\u00a0pero termin\u00f3 recibiendo un\u00a0<strong>pisot\u00f3n que le caus\u00f3 la lesi\u00f3n.<\/strong><\/p>\n<p><strong>La actuaci\u00f3n del arquero estuvo marcada por varios episodios desafortunados<\/strong>\u00a0y adem\u00e1s de la jugada que deriv\u00f3 en la fractura,\u00a0<strong>Mart\u00ednez<\/strong>\u00a0fue\u00a0<strong>protagonista de un inusual error<\/strong>\u00a0al conceder un\u00a0<strong>tiro libre dentro del \u00e1rea<\/strong>\u00a0por agarrar la pelota luego del pase de un compa\u00f1ero.<\/p>\n<p><strong>En el primer gol del partido<\/strong>, un remate de Jackson al primer palo encontr\u00f3 una\u00a0<strong>tard\u00eda respuesta del \u201cDibu\u201d,<\/strong>\u00a0mientras que no tuvo responsabilidad alguna en el tanto convertido por su compa\u00f1ero de selecci\u00f3n Enzo Fern\u00e1ndez.\u00a0<strong>Poco antes de finalizar la primera etapa, el arquero pidi\u00f3 el cambio<\/strong>\u00a0al banco de suplentes debido a las molestias f\u00edsicas acumuladas.<\/p>\n<p><strong>En cuanto a la Selecci\u00f3n argentina, la situaci\u00f3n no genera alarma<\/strong>, ya que el pr\u00f3ximo compromiso del equipo dirigido por Lionel Scaloni ser\u00e1 en poco m\u00e1s de tres meses cuando visite a\u00a0<strong>Uruguay el 19 de marzo.\u00a0<\/strong>Esto le dar\u00e1 un\u00a0<strong>tiempo suficiente<\/strong>\u00a0al arquero titular de la \u201cAlbiceleste\u201d\u00a0<strong>para recuperarse plenamente y retomar el ritmo competitivo<\/strong>\u00a0necesario para defender el arco del pa\u00eds campe\u00f3n del mundo y de Am\u00e9rica.<\/p>\n<p>NA<\/p>\n","protected":false},"excerpt":{"rendered":"<p>El arquero de la Selecci\u00f3n argentina Emiliano \u201cDibu\u201d Mart\u00ednez sufri\u00f3 una peque\u00f1a fractura en el dedo me\u00f1ique de su mano<\/p>\n","protected":false},"author":1,"featured_media":20626,"comment_status":"closed","ping_status":"closed","sticky":false,"template":"","format":"standard","meta":{"footnotes":"","jetpack_publicize_message":"","jetpack_publicize_feature_enabled":true,"jetpack_social_post_already_shared":true,"jetpack_social_options":{"image_generator_settings":{"template":"highway","enabled":false},"version":2}},"categories":[9],"tags":[],"class_list":["post-20625","post","type-post","status-publish","format-standard","has-post-thumbnail","hentry","category-deportes"],"jetpack_publicize_connections":[],"_links":{"self":[{"href":"https:\/\/diariorepublica.com.ar\/web\/index.php\/wp-json\/wp\/v2\/posts\/20625"}],"collection":[{"href":"https:\/\/diariorepublica.com.ar\/web\/index.php\/wp-json\/wp\/v2\/posts"}],"about":[{"href":"https:\/\/diariorepublica.com.ar\/web\/index.php\/wp-json\/wp\/v2\/types\/post"}],"author":[{"embeddable":true,"href":"https:\/\/diariorepublica.com.ar\/web\/index.php\/wp-json\/wp\/v2\/users\/1"}],"replies":[{"embeddable":true,"href":"https:\/\/diariorepublica.com.ar\/web\/index.php\/wp-json\/wp\/v2\/comments?post=20625"}],"version-history":[{"count":1,"href":"https:\/\/diariorepublica.com.ar\/web\/index.php\/wp-json\/wp\/v2\/posts\/20625\/revisions"}],"predecessor-version":[{"id":20627,"href":"https:\/\/diariorepublica.com.ar\/web\/index.php\/wp-json\/wp\/v2\/posts\/20625\/revisions\/20627"}],"wp:featuredmedia":[{"embeddable":true,"href":"https:\/\/diariorepublica.com.ar\/web\/index.php\/wp-json\/wp\/v2\/media\/20626"}],"wp:attachment":[{"href":"https:\/\/diariorepublica.com.ar\/web\/index.php\/wp-json\/wp\/v2\/media?parent=20625"}],"wp:term":[{"taxonomy":"category","embeddable":true,"href":"https:\/\/diariorepublica.com.ar\/web\/index.php\/wp-json\/wp\/v2\/categories?post=20625"},{"taxonomy":"post_tag","embeddable":true,"href":"https:\/\/diariorepublica.com.ar\/web\/index.php\/wp-json\/wp\/v2\/tags?post=20625"}],"curies":[{"name":"wp","href":"https:\/\/api.w.org\/{rel}","templated":true}]}}