{"id":20771,"date":"2024-12-11T00:41:00","date_gmt":"2024-12-11T03:41:00","guid":{"rendered":"https:\/\/diariorepublica.com.ar\/web\/?p=20771"},"modified":"2024-12-11T07:43:08","modified_gmt":"2024-12-11T10:43:08","slug":"inauguraron-las-obras-de-remodelacion-integral-del-complejo-urbano-girardi","status":"publish","type":"post","link":"https:\/\/diariorepublica.com.ar\/web\/index.php\/sociedad\/2024\/12\/11\/inauguraron-las-obras-de-remodelacion-integral-del-complejo-urbano-girardi\/","title":{"rendered":"Inauguraron las obras de remodelaci\u00f3n integral del Complejo Urbano Girardi"},"content":{"rendered":"<p>Con motivo de su 40\u00ba aniversario, el Complejo Cultural Urbano Girardi abri\u00f3 este lunes nuevamente sus puertas al p\u00fablico luego de permanecer cerrado durante dos meses por tareas de refacci\u00f3n. Los trabajos de remodelaci\u00f3n fueron casi \u00edntegros y para celebrar esta reapertura, estuvieron presente el Gobernador de la provincia, Lic. Ra\u00fal Jalil, el intendente de la Capital, Dr. Gustavo Saadi y otras autoridades provinciales y municipales, quienes coincidieron en la importancia de este logro para la ciudad y su proyecci\u00f3n cultural.<\/p>\n<p>Entre las principales obras realizadas se encuentran la restauraci\u00f3n completa del escenario, inalterado durante cuatro d\u00e9cadas, y la renovaci\u00f3n de las butacas, el alfombrado, la fachada, el foyer y otros espacios emblem\u00e1ticos como el patio interno y la antesala. Alejandro Farf\u00e1n, Director de Cultura del municipio, expres\u00f3: \u00abEsta remodelaci\u00f3n representa una gran satisfacci\u00f3n porque, en tiempos donde la cultura enfrenta m\u00faltiples desaf\u00edos, terminar el a\u00f1o con esta obra es un logro inmenso. Contamos con el apoyo de especialistas en escenarios teatrales para garantizar que el trabajo sea de excelencia\u00bb.<\/p>\n<figure class=\"image\"><img loading=\"lazy\" decoding=\"async\" class=\"cst_img\" src=\"https:\/\/statics.launion.digital\/2024\/12\/crop\/6758b72588b14__770x770.webp\" alt=\"girardi reapertura aniversario\" width=\"100\" height=\"100\" \/><figcaption>\u00a0<\/figcaption><\/figure>\n<p>La reapertura se celebr\u00f3 con una emotiva velada art\u00edstica, en la que los elencos estables del municipio brillaron con su talento. La Banda de M\u00fasica municipal, la Comedia Municipal, el Coro Municipal de ni\u00f1as y ni\u00f1os, el Coro de C\u00e1mara y el Ballet Folcl\u00f3rico Municipal ofrecieron presentaciones que emocionaron al p\u00fablico.<\/p>\n<p>Durante la ceremonia, tambi\u00e9n se reconoci\u00f3 a los trabajadores de la direcci\u00f3n de Cultura que llevan 25 a\u00f1os dedicados al complejo, destacando su invaluable contribuci\u00f3n a este espacio cultural.<\/p>\n<figure class=\"image\"><img loading=\"lazy\" decoding=\"async\" class=\"cst_img\" src=\"https:\/\/statics.launion.digital\/2024\/12\/crop\/6758b70c8f084__770x770.webp\" alt=\"girardi reapertura aniversario\" width=\"100\" height=\"100\" \/><figcaption>\u00a0<\/figcaption><\/figure>\n<p>La secretaria de Educaci\u00f3n y Cultura de la municipalidad de la Capital, Marqueza Blanco Azurmendi, destac\u00f3 el compromiso del equipo municipal y el liderazgo del intendente Saadi en esta obra: \u00abEstamos felices de reabrir este espacio completamente renovado. Es una decisi\u00f3n que refleja una visi\u00f3n amplia y comprometida con la preservaci\u00f3n de nuestro patrimonio cultural. Esta recuperaci\u00f3n no s\u00f3lo es una inversi\u00f3n en infraestructura, sino en nuestra identidad y en el acceso a la cultura para toda la comunidad\u00bb.<\/p>\n<figure class=\"image\"><img loading=\"lazy\" decoding=\"async\" class=\"cst_img\" src=\"https:\/\/statics.launion.digital\/2024\/12\/crop\/6758b6fd1dbaf__770x770.webp\" alt=\"girardi reapertura aniversario\" width=\"100\" height=\"100\" \/><figcaption>\u00a0<\/figcaption><\/figure>\n<p>Alejandro Farf\u00e1n tras mostrarse orgulloso de las obras y adelant\u00f3 que\u00a0ya hay actividades programadas, que son las que estrenar\u00e1n las nuevas instalaciones, como actos de colaci\u00f3n, muestras art\u00edsticas, el estreno de una comedia musical, el concierto de clausura del Coro de C\u00e1mara Municipal y la Fiesta Provincial del Teatro en febrero.<\/p>\n","protected":false},"excerpt":{"rendered":"<p>Con motivo de su 40\u00ba aniversario, el Complejo Cultural Urbano Girardi abri\u00f3 este lunes nuevamente sus puertas al p\u00fablico luego<\/p>\n","protected":false},"author":1,"featured_media":20772,"comment_status":"closed","ping_status":"closed","sticky":false,"template":"","format":"standard","meta":{"footnotes":"","jetpack_publicize_message":"","jetpack_publicize_feature_enabled":true,"jetpack_social_post_already_shared":true,"jetpack_social_options":{"image_generator_settings":{"template":"highway","enabled":false},"version":2}},"categories":[3],"tags":[],"class_list":["post-20771","post","type-post","status-publish","format-standard","has-post-thumbnail","hentry","category-sociedad"],"jetpack_publicize_connections":[],"_links":{"self":[{"href":"https:\/\/diariorepublica.com.ar\/web\/index.php\/wp-json\/wp\/v2\/posts\/20771"}],"collection":[{"href":"https:\/\/diariorepublica.com.ar\/web\/index.php\/wp-json\/wp\/v2\/posts"}],"about":[{"href":"https:\/\/diariorepublica.com.ar\/web\/index.php\/wp-json\/wp\/v2\/types\/post"}],"author":[{"embeddable":true,"href":"https:\/\/diariorepublica.com.ar\/web\/index.php\/wp-json\/wp\/v2\/users\/1"}],"replies":[{"embeddable":true,"href":"https:\/\/diariorepublica.com.ar\/web\/index.php\/wp-json\/wp\/v2\/comments?post=20771"}],"version-history":[{"count":1,"href":"https:\/\/diariorepublica.com.ar\/web\/index.php\/wp-json\/wp\/v2\/posts\/20771\/revisions"}],"predecessor-version":[{"id":20773,"href":"https:\/\/diariorepublica.com.ar\/web\/index.php\/wp-json\/wp\/v2\/posts\/20771\/revisions\/20773"}],"wp:featuredmedia":[{"embeddable":true,"href":"https:\/\/diariorepublica.com.ar\/web\/index.php\/wp-json\/wp\/v2\/media\/20772"}],"wp:attachment":[{"href":"https:\/\/diariorepublica.com.ar\/web\/index.php\/wp-json\/wp\/v2\/media?parent=20771"}],"wp:term":[{"taxonomy":"category","embeddable":true,"href":"https:\/\/diariorepublica.com.ar\/web\/index.php\/wp-json\/wp\/v2\/categories?post=20771"},{"taxonomy":"post_tag","embeddable":true,"href":"https:\/\/diariorepublica.com.ar\/web\/index.php\/wp-json\/wp\/v2\/tags?post=20771"}],"curies":[{"name":"wp","href":"https:\/\/api.w.org\/{rel}","templated":true}]}}