{"id":20777,"date":"2024-12-11T16:34:00","date_gmt":"2024-12-11T19:34:00","guid":{"rendered":"https:\/\/diariorepublica.com.ar\/web\/?p=20777"},"modified":"2024-12-11T18:06:32","modified_gmt":"2024-12-11T21:06:32","slug":"whatsapp-instagram-y-facebook-se-cayeron-a-nivel-mundial","status":"publish","type":"post","link":"https:\/\/diariorepublica.com.ar\/web\/index.php\/sociedad\/2024\/12\/11\/whatsapp-instagram-y-facebook-se-cayeron-a-nivel-mundial\/","title":{"rendered":"WhatsApp, Instagram y Facebook se cayeron a nivel mundial"},"content":{"rendered":"<article id=\"article-post\" class=\"first\">\n<div class=\"cuerpo\" data-twitter-link=\"https:\/\/twitter.com\/intent\/tweet?url=https:\/\/www.diariopopular.com.ar\/c819607&amp;via=poopulardiario&amp;related=Popular&amp;text=\">\n<p class=\"\" data-mrf-recirculation=\"Links inline\">Usuarios alrededor del planeta denunciaron en las \u00faltimas horas\u00a0<strong>fallas generales en WhatsApp, Instagram y Facebook<\/strong>. Entre los errores m\u00e1s comunes que fueron reportados a la plataforma Downdetector se destacan los problemas a la hora de enviar y recibir mensajes.<\/p>\n<\/div>\n<\/article>\n<article id=\"article-post\">\n<div class=\"cuerpo\" data-twitter-link=\"https:\/\/twitter.com\/intent\/tweet?url=https:\/\/www.diariopopular.com.ar\/c819607&amp;via=poopulardiario&amp;related=Popular&amp;text=\">\n<p class=\"\" data-mrf-recirculation=\"Links inline\">Aunque la ca\u00edda, seg\u00fan se consign\u00f3, fue global,\u00a0<strong>todav\u00eda no hubo una respuesta oficial de Meta<\/strong>, la empresa encargada de estas plataformas gratuitas. En X , las cuentas de Meta, WhatsApp, Instagram y Facebook no publicaron hasta el momento informaci\u00f3n respecto a las fallas recientes.<\/p>\n<p class=\"\" data-mrf-recirculation=\"Links inline\">El <strong>14 de octubre de este a\u00f1o, Facebook e Instagram<\/strong>\u00a0ya hab\u00edan sufrido una ca\u00edda global que afect\u00f3 a millones de usuarios. Pa\u00edses de Am\u00e9rica Latina, como M\u00e9xico y Colombia, reportaron una alta incidencia de fallas. En M\u00e9xico, por ejemplo, se registraron m\u00e1s de 1.000 informes de usuarios afectados que experimentaron cierres de sesi\u00f3n sin previo aviso y problemas para cargar el feed de noticias. En Colombia, en tanto, cientos de personas denunciaron dificultades similares.<\/p>\n<p class=\"\" data-mrf-recirculation=\"Links inline\">Por otra parte, el 2 de agosto de 2023, cibernautas de Am\u00e9rica Latina y Estados Unidos reportaron problemas para enviar mensajes a trav\u00e9s de WhatsApp. Seg\u00fan DownDetector, los pa\u00edses afectados en aquel momento fueron M\u00e9xico, Argentina, Colombia, Chile, Per\u00fa y Brasil. Meta no emiti\u00f3 un comunicado oficial sobre las causas de la interrupci\u00f3n, sin embargo el servicio se restableci\u00f3 gradualmente, permitiendo a los usuarios retomar sus actividades habituales.<\/p>\n<\/div>\n<\/article>\n","protected":false},"excerpt":{"rendered":"<p>Usuarios alrededor del planeta denunciaron en las \u00faltimas horas\u00a0fallas generales en WhatsApp, Instagram y Facebook. Entre los errores m\u00e1s comunes<\/p>\n","protected":false},"author":1,"featured_media":20778,"comment_status":"closed","ping_status":"closed","sticky":false,"template":"","format":"standard","meta":{"footnotes":"","jetpack_publicize_message":"","jetpack_publicize_feature_enabled":true,"jetpack_social_post_already_shared":true,"jetpack_social_options":{"image_generator_settings":{"template":"highway","enabled":false},"version":2}},"categories":[3],"tags":[],"class_list":["post-20777","post","type-post","status-publish","format-standard","has-post-thumbnail","hentry","category-sociedad"],"jetpack_publicize_connections":[],"_links":{"self":[{"href":"https:\/\/diariorepublica.com.ar\/web\/index.php\/wp-json\/wp\/v2\/posts\/20777"}],"collection":[{"href":"https:\/\/diariorepublica.com.ar\/web\/index.php\/wp-json\/wp\/v2\/posts"}],"about":[{"href":"https:\/\/diariorepublica.com.ar\/web\/index.php\/wp-json\/wp\/v2\/types\/post"}],"author":[{"embeddable":true,"href":"https:\/\/diariorepublica.com.ar\/web\/index.php\/wp-json\/wp\/v2\/users\/1"}],"replies":[{"embeddable":true,"href":"https:\/\/diariorepublica.com.ar\/web\/index.php\/wp-json\/wp\/v2\/comments?post=20777"}],"version-history":[{"count":1,"href":"https:\/\/diariorepublica.com.ar\/web\/index.php\/wp-json\/wp\/v2\/posts\/20777\/revisions"}],"predecessor-version":[{"id":20779,"href":"https:\/\/diariorepublica.com.ar\/web\/index.php\/wp-json\/wp\/v2\/posts\/20777\/revisions\/20779"}],"wp:featuredmedia":[{"embeddable":true,"href":"https:\/\/diariorepublica.com.ar\/web\/index.php\/wp-json\/wp\/v2\/media\/20778"}],"wp:attachment":[{"href":"https:\/\/diariorepublica.com.ar\/web\/index.php\/wp-json\/wp\/v2\/media?parent=20777"}],"wp:term":[{"taxonomy":"category","embeddable":true,"href":"https:\/\/diariorepublica.com.ar\/web\/index.php\/wp-json\/wp\/v2\/categories?post=20777"},{"taxonomy":"post_tag","embeddable":true,"href":"https:\/\/diariorepublica.com.ar\/web\/index.php\/wp-json\/wp\/v2\/tags?post=20777"}],"curies":[{"name":"wp","href":"https:\/\/api.w.org\/{rel}","templated":true}]}}