{"id":2078,"date":"2023-04-26T09:04:59","date_gmt":"2023-04-26T12:04:59","guid":{"rendered":"https:\/\/diariorepublica.com.ar\/web\/?p=2078"},"modified":"2023-04-26T09:05:00","modified_gmt":"2023-04-26T12:05:00","slug":"continua-la-polemica-en-la-unca-por-falta-de-dictado-de-clases","status":"publish","type":"post","link":"https:\/\/diariorepublica.com.ar\/web\/index.php\/sociedad\/2023\/04\/26\/continua-la-polemica-en-la-unca-por-falta-de-dictado-de-clases\/","title":{"rendered":"Continua la pol\u00e9mica en la UNCa por falta de dictado de clases"},"content":{"rendered":"<p>Padres de alumnos de las escuelas preuniversitarias Fray M. Esqui\u00fa y ENET N\u00b01 se reunieron con el rector de la Universidad Nacional de Catamarca, Oscar Arellano, uno de los pap\u00e1s expres\u00f3: \u201cLa conversaci\u00f3n con el rector fue muy positiva, los padres se fueron muy conformes\u201d. En este sentido, coment\u00f3 que en la reuni\u00f3n solicitaron al rector que convoque a los representantes de los dos gremios, \u201cpara ver si entre todos podemos ayudar a la resoluci\u00f3n del conflicto salarial y ver qu\u00e9 nos contestan los secretarios actuales\u201d.<\/p>\n<p>\u201cLo positivo de esta reuni\u00f3n es que ya sabemos que el rector est\u00e1 dispuesto a realizar todas las acciones que sean necesarias para garantizar los d\u00edas de clase, para garantizar la educaci\u00f3n de los ni\u00f1os, para que los chicos sigan viniendo a la escuela con la mejor de las voluntades; no solo que nos vamos a reunir este viernes con los gremios\u201d, manifest\u00f3 el padre y a\u00f1adi\u00f3 que tambi\u00e9n se reunir\u00e1n la semana que viene con directivos de las escuelas: \u201cEn esa reuni\u00f3n vamos a tener la posibilidad de hablar no solo de los paros, sino tambi\u00e9n de algunas otras problem\u00e1ticas que comprometen la educaci\u00f3n de excelencia que debieran tener las escuelas preuniversitarias\u201d.<\/p>\n<p>Los padres, que son alrededor de 300, se autoconvocaron bajo la preocupaci\u00f3n por la p\u00e9rdida de d\u00edas de clases. De los 32 d\u00edas h\u00e1biles, solo 15 d\u00edas tuvieron clase y dos tuvieron asambleas gremiales, por lo que perdieron 17 d\u00edas.<\/p>\n","protected":false},"excerpt":{"rendered":"<p>Padres de alumnos de las escuelas preuniversitarias Fray M. Esqui\u00fa y ENET N\u00b01 se reunieron con el rector de la<\/p>\n","protected":false},"author":2,"featured_media":2079,"comment_status":"closed","ping_status":"closed","sticky":false,"template":"","format":"standard","meta":{"footnotes":"","jetpack_publicize_message":"","jetpack_publicize_feature_enabled":true,"jetpack_social_post_already_shared":false,"jetpack_social_options":{"image_generator_settings":{"template":"highway","enabled":false},"version":2}},"categories":[3],"tags":[],"class_list":["post-2078","post","type-post","status-publish","format-standard","has-post-thumbnail","hentry","category-sociedad"],"jetpack_publicize_connections":[],"_links":{"self":[{"href":"https:\/\/diariorepublica.com.ar\/web\/index.php\/wp-json\/wp\/v2\/posts\/2078"}],"collection":[{"href":"https:\/\/diariorepublica.com.ar\/web\/index.php\/wp-json\/wp\/v2\/posts"}],"about":[{"href":"https:\/\/diariorepublica.com.ar\/web\/index.php\/wp-json\/wp\/v2\/types\/post"}],"author":[{"embeddable":true,"href":"https:\/\/diariorepublica.com.ar\/web\/index.php\/wp-json\/wp\/v2\/users\/2"}],"replies":[{"embeddable":true,"href":"https:\/\/diariorepublica.com.ar\/web\/index.php\/wp-json\/wp\/v2\/comments?post=2078"}],"version-history":[{"count":1,"href":"https:\/\/diariorepublica.com.ar\/web\/index.php\/wp-json\/wp\/v2\/posts\/2078\/revisions"}],"predecessor-version":[{"id":2080,"href":"https:\/\/diariorepublica.com.ar\/web\/index.php\/wp-json\/wp\/v2\/posts\/2078\/revisions\/2080"}],"wp:featuredmedia":[{"embeddable":true,"href":"https:\/\/diariorepublica.com.ar\/web\/index.php\/wp-json\/wp\/v2\/media\/2079"}],"wp:attachment":[{"href":"https:\/\/diariorepublica.com.ar\/web\/index.php\/wp-json\/wp\/v2\/media?parent=2078"}],"wp:term":[{"taxonomy":"category","embeddable":true,"href":"https:\/\/diariorepublica.com.ar\/web\/index.php\/wp-json\/wp\/v2\/categories?post=2078"},{"taxonomy":"post_tag","embeddable":true,"href":"https:\/\/diariorepublica.com.ar\/web\/index.php\/wp-json\/wp\/v2\/tags?post=2078"}],"curies":[{"name":"wp","href":"https:\/\/api.w.org\/{rel}","templated":true}]}}