{"id":20783,"date":"2024-12-11T16:18:00","date_gmt":"2024-12-11T19:18:00","guid":{"rendered":"https:\/\/diariorepublica.com.ar\/web\/?p=20783"},"modified":"2024-12-11T18:19:41","modified_gmt":"2024-12-11T21:19:41","slug":"la-inflacion-de-noviembre-se-desacelero-al-24-y-acumulo-112-en-el-ano","status":"publish","type":"post","link":"https:\/\/diariorepublica.com.ar\/web\/index.php\/economia\/2024\/12\/11\/la-inflacion-de-noviembre-se-desacelero-al-24-y-acumulo-112-en-el-ano\/","title":{"rendered":"La inflaci\u00f3n de noviembre se desaceler\u00f3 al 2,4% y acumul\u00f3 112% en el a\u00f1o"},"content":{"rendered":"<article class=\"article-body article-body--first-paragraph content-protected-false\" data-td-script-src=\"https:\/\/www.ambito.com\/td\/modulos\/encuestas\/js\/function-embeds-min-version-1733890074.js\">Por cuarto mes consecutivo la\u00a0<strong>inflaci\u00f3n\u00a0<\/strong>continu\u00f3 su camino en la desaceleraci\u00f3n. As\u00ed el\u00a0<strong>IPC\u00a0<\/strong>de\u00a0<strong>noviembre\u00a0<\/strong>se ubic\u00f3 en el 2,7%, incluso por debajo del dato de octubre que fue del 2,7%. En tanto que la inflaci\u00f3n\u00a0<strong>acumulana\u00a0<\/strong>subi\u00f3 al 112%, mientras que la\u00a0<strong>interanual\u00a0<\/strong>cay\u00f3 al 166%, seg\u00fan inform\u00f3 este mi\u00e9rcoles 11 el Instituto Nacional de Estad\u00edsticas y Censos (<strong>INDEC<\/strong>).<\/p>\n<\/article>\n<article class=\"article-body article-body--second-paragraph content-protected-false\">Siete divisiones se ubicaron por encima de la medici\u00f3n general, entre los que se encuentran:\u00a0<strong>educaci\u00f3n\u00a0<\/strong>(+5,1%),\u00a0<strong>vivienda<\/strong>,\u00a0<strong>agua y electricidad<\/strong>\u00a0(+4,5%),\u00a0<strong>bebidas alcoholicas y tabaco<\/strong>\u00a0(+4%),\u00a0<strong>restaurantes y hoteles<\/strong>\u00a0(+3,6%),\u00a0<strong>transporte\u00a0<\/strong>(+3,4%), y\u00a0<strong>recreaci\u00f3n y cultura<\/strong>\u00a0(+3%) y\u00a0<strong>salud\u00a0<\/strong>(+2,9%).<\/p>\n<article class=\"article-body article-body--third-paragraph content-protected-false\">Las menores variaciones de noviembre se observaron en las divisiones equipamiento y mantenimiento del hogar (+1,5%) y alimentos y bebidas (+0,9%). A nivel de las categor\u00edas,\u00a0<strong>regulados\u00a0<\/strong>(+3,5%) lider\u00f3 el incremento, seguidos por<strong>\u00a0IPC n\u00facleo<\/strong>\u00a0(+2,7%), mientras que\u00a0<strong>estacionales\u00a0<\/strong>disminuy\u00f3 1,2%.<\/p>\n<\/article>\n<article class=\"article-body article-body--fourth-paragraph content-protected-false\">La\u00a0<strong>Patagonia\u00a0<\/strong>fue la regi\u00f3n con la mayor suba mensual (+3,3%), seguida del Gran Buenos Aires (+2,6%) detras se ubicaron:\u00a0<strong>Pampeana\u00a0<\/strong>(+2,3%),\u00a0<strong>Cuyo\u00a0<\/strong>(+2,1%),\u00a0<strong>Noroestre\u00a0<\/strong>(+1,9%) y\u00a0<strong>Noreste\u00a0<\/strong>(+1,8%)<\/p>\n<\/article>\n<article class=\"article-body article-body--remaining-paragraph content-protected-false\">\u00ab2,4% la inflaci\u00f3n de noviembre, con un bastante clave -1,2% en estacionales y un 2,7% en n\u00facleo que si estuvo m\u00e1s alineado con las mediciones privadas. Al igual que en CABA, sigue siendo cierto que<strong>\u00a0la inflaci\u00f3n de servicios corre bien por arriba de la de bienes<\/strong>. Cosa que se ve en el promedio y en rubro por rubro\u00bb, expres\u00f3 el economista\u00a0<strong>Gabriel Caama\u00f1o.<\/strong><\/p>\n<p>Por su parte,<strong>\u00a0Lautaro Moschet<\/strong>, economista en la\u00a0<strong>Fundaci\u00f3n Libertad y Progreso<\/strong>, destac\u00f3: \u00ab<strong>La inflaci\u00f3n de noviembre estuvo claramente por debajo de lo esperado por el mercado, que se situaba en 2.8%.<\/strong>\u00a0El dato del mes se vio influenciado por una fuerte desaceleraci\u00f3n de alimentos con un incremento mensual de solo 0,9%. Adem\u00e1s, se destaca que el \u00edndice de los estacionales tuvo una ca\u00edda mensual de 1,2%\u00bb.<\/p>\n<p>\u00ab<strong>Para diciembre proyectamos que la inflaci\u00f3n se acercar\u00e1 nuevamente al 3%<\/strong>, dado el nuevo incremento de los servicios regulados y el efecto estacional propio del mes. Como resultado, esperamos cerrar el a\u00f1o con una inflaci\u00f3n de 118%, lo cual manifiesta una desaceleraci\u00f3n de 93 puntos porcentuales respecto al a\u00f1o anterior\u00bb, cerr\u00f3.<\/p>\n<p>Desde C&amp;T Asociados destacaron que<strong>\u00a0la variaci\u00f3n de doce meses baj\u00f3 de 193% a 166%<\/strong>, a su vez,\u00a0<strong>la inflaci\u00f3n n\u00facleo se redujo de 3,1% mensual en octubre a 2,7%, en este caso, la menor desde septiembre de 2020.\u00a0<\/strong>Las dos primeras semanas de diciembre hubo una aceleraci\u00f3n producto de la suba del precio de la carne. A esto debe sumarse el movimiento estacional habitual de los rubros vinculados al turismo. De esta forma,\u00a0<strong>la inflaci\u00f3n se acercar\u00eda al 3% mensual en diciembre y el a\u00f1o cerrar\u00eda en 118%.<\/strong><\/p>\n<p>ambito.com<\/p>\n<\/article>\n<\/article>\n","protected":false},"excerpt":{"rendered":"<p>Por cuarto mes consecutivo la\u00a0inflaci\u00f3n\u00a0continu\u00f3 su camino en la desaceleraci\u00f3n. As\u00ed el\u00a0IPC\u00a0de\u00a0noviembre\u00a0se ubic\u00f3 en el 2,7%, incluso por debajo del<\/p>\n","protected":false},"author":1,"featured_media":20410,"comment_status":"closed","ping_status":"closed","sticky":false,"template":"","format":"standard","meta":{"footnotes":"","jetpack_publicize_message":"","jetpack_publicize_feature_enabled":true,"jetpack_social_post_already_shared":true,"jetpack_social_options":{"image_generator_settings":{"template":"highway","enabled":false},"version":2}},"categories":[5],"tags":[],"class_list":["post-20783","post","type-post","status-publish","format-standard","has-post-thumbnail","hentry","category-economia"],"jetpack_publicize_connections":[],"_links":{"self":[{"href":"https:\/\/diariorepublica.com.ar\/web\/index.php\/wp-json\/wp\/v2\/posts\/20783"}],"collection":[{"href":"https:\/\/diariorepublica.com.ar\/web\/index.php\/wp-json\/wp\/v2\/posts"}],"about":[{"href":"https:\/\/diariorepublica.com.ar\/web\/index.php\/wp-json\/wp\/v2\/types\/post"}],"author":[{"embeddable":true,"href":"https:\/\/diariorepublica.com.ar\/web\/index.php\/wp-json\/wp\/v2\/users\/1"}],"replies":[{"embeddable":true,"href":"https:\/\/diariorepublica.com.ar\/web\/index.php\/wp-json\/wp\/v2\/comments?post=20783"}],"version-history":[{"count":1,"href":"https:\/\/diariorepublica.com.ar\/web\/index.php\/wp-json\/wp\/v2\/posts\/20783\/revisions"}],"predecessor-version":[{"id":20784,"href":"https:\/\/diariorepublica.com.ar\/web\/index.php\/wp-json\/wp\/v2\/posts\/20783\/revisions\/20784"}],"wp:featuredmedia":[{"embeddable":true,"href":"https:\/\/diariorepublica.com.ar\/web\/index.php\/wp-json\/wp\/v2\/media\/20410"}],"wp:attachment":[{"href":"https:\/\/diariorepublica.com.ar\/web\/index.php\/wp-json\/wp\/v2\/media?parent=20783"}],"wp:term":[{"taxonomy":"category","embeddable":true,"href":"https:\/\/diariorepublica.com.ar\/web\/index.php\/wp-json\/wp\/v2\/categories?post=20783"},{"taxonomy":"post_tag","embeddable":true,"href":"https:\/\/diariorepublica.com.ar\/web\/index.php\/wp-json\/wp\/v2\/tags?post=20783"}],"curies":[{"name":"wp","href":"https:\/\/api.w.org\/{rel}","templated":true}]}}