{"id":20807,"date":"2024-12-12T01:41:00","date_gmt":"2024-12-12T04:41:00","guid":{"rendered":"https:\/\/diariorepublica.com.ar\/web\/?p=20807"},"modified":"2024-12-12T07:43:28","modified_gmt":"2024-12-12T10:43:28","slug":"lula-sera-operado-de-nuevo-tras-una-primera-intervencion-por-hemorragia-cerebral","status":"publish","type":"post","link":"https:\/\/diariorepublica.com.ar\/web\/index.php\/internacionales\/2024\/12\/12\/lula-sera-operado-de-nuevo-tras-una-primera-intervencion-por-hemorragia-cerebral\/","title":{"rendered":"Lula ser\u00e1 operado de nuevo tras una primera intervenci\u00f3n por hemorragia cerebral"},"content":{"rendered":"<article id=\"article-post\" class=\"first\">\n<div class=\"cuerpo\" data-twitter-link=\"https:\/\/twitter.com\/intent\/tweet?url=https:\/\/www.diariopopular.com.ar\/c819670&amp;via=poopulardiario&amp;related=Popular&amp;text=\">\n<p>El<strong>\u00a0presidente de Brasil, Luiz In\u00e1cio Lula da Silva,<\/strong>\u00a0volver\u00e1 a ser intervenido quir\u00fargicamente este jueves para detener una hemorragia craneal derivada de una ca\u00edda que tuvo el 19 de octubre pasado.<\/p>\n<\/div>\n<\/article>\n<article id=\"article-post\">\n<div class=\"cuerpo\" data-twitter-link=\"https:\/\/twitter.com\/intent\/tweet?url=https:\/\/www.diariopopular.com.ar\/c819670&amp;via=poopulardiario&amp;related=Popular&amp;text=\">\n<p>A trav\u00e9s de un comunicado, el equipo m\u00e9dico del mandatario de 79 a\u00f1os explic\u00f3 que la nueva operaci\u00f3n consiste en una \u00abembolizaci\u00f3n de la arteria men\u00edngea media\u00bb, la cual ser\u00e1 fundamental para frenar el sangrado en el cerebro.<\/p>\n<p>\u00abComo parte del programa terap\u00e9utico, (Lula) completar\u00e1 la cirug\u00eda con un procedimiento endovascular (embolizaci\u00f3n de la arteria men\u00edngea media) ma\u00f1ana por la ma\u00f1ana\u00bb, inform\u00f3 el\u00a0<strong>Hospital Sirio Liban\u00e9s,<\/strong>\u00a0donde Lula se encuentra internado en terapia intensiva.<\/p>\n<p>\u00abPas\u00f3 el d\u00eda bien, sin complicaciones, realiz\u00f3 fisioterapia, camin\u00f3 y recibi\u00f3 visitas de familiares\u00bb, se\u00f1al\u00f3 el parte m\u00e9dico, a la vez que agreg\u00f3: \u00abSe dar\u00e1n m\u00e1s actualizaciones durante una conferencia de prensa que se realizar\u00e1 ma\u00f1ana a las 10 horas. El Presidente permanece bajo la supervisi\u00f3n del equipo m\u00e9dico, bajo el cuidado del<strong>\u00a0Prof. Dr. Roberto Kalil Filho y de la Dra. Ana Helena Germoglio\u00bb.<\/strong><\/p>\n<p>Lula da Silva fue ingresado de urgencia la noche del lunes al nosocomio, donde fue sometido a una intervenci\u00f3n quir\u00fargica para drenar un hematoma intracraneal. Fue trasladado en avi\u00f3n desde Brasilia luego de haberse sentido mal durante todo el lunes.<\/p>\n<p>El hematoma en el cr\u00e1neo es una de las consecuencias de la ca\u00edda que tuvo en el ba\u00f1o el 19 de octubre pasado durante un accidente dom\u00e9stico que le dej\u00f3 una herida en la nuca y requiri\u00f3 cinco puntos de sutura.<\/p>\n<p>Despu\u00e9s de los ex\u00e1menes en Brasilia, el jefe de Estado fue trasladado a la sede del Hospital Sirio-Liban\u00e9s en San Pablo donde fue sometido a una craneotom\u00eda para drenar un hematoma.<\/p>\n<p>En 2012 los m\u00e9dicos de Lula da Silva anunciaron que el c\u00e1ncer de garganta que se le diagnostic\u00f3 en 2011 hab\u00eda desaparecido tras recibir un tratamiento en el\u00a0<strong>Hospital Sirio-Liban\u00e9s de San Pablo,<\/strong>\u00a0el mismo en el cual fue ingresado y operado este martes.<\/p>\n<p>El fundador del Partido de los Trabajadores asumi\u00f3 un mandato de cuatro a\u00f1os el 1 de enero de 2023, luego de haber gobernado Brasil de 2003 a 2010.<\/p>\n<\/div>\n<\/article>\n","protected":false},"excerpt":{"rendered":"<p>El\u00a0presidente de Brasil, Luiz In\u00e1cio Lula da Silva,\u00a0volver\u00e1 a ser intervenido quir\u00fargicamente este jueves para detener una hemorragia craneal derivada<\/p>\n","protected":false},"author":1,"featured_media":20808,"comment_status":"closed","ping_status":"closed","sticky":false,"template":"","format":"standard","meta":{"footnotes":"","jetpack_publicize_message":"","jetpack_publicize_feature_enabled":true,"jetpack_social_post_already_shared":true,"jetpack_social_options":{"image_generator_settings":{"template":"highway","enabled":false},"version":2}},"categories":[6],"tags":[],"class_list":["post-20807","post","type-post","status-publish","format-standard","has-post-thumbnail","hentry","category-internacionales"],"jetpack_publicize_connections":[],"_links":{"self":[{"href":"https:\/\/diariorepublica.com.ar\/web\/index.php\/wp-json\/wp\/v2\/posts\/20807"}],"collection":[{"href":"https:\/\/diariorepublica.com.ar\/web\/index.php\/wp-json\/wp\/v2\/posts"}],"about":[{"href":"https:\/\/diariorepublica.com.ar\/web\/index.php\/wp-json\/wp\/v2\/types\/post"}],"author":[{"embeddable":true,"href":"https:\/\/diariorepublica.com.ar\/web\/index.php\/wp-json\/wp\/v2\/users\/1"}],"replies":[{"embeddable":true,"href":"https:\/\/diariorepublica.com.ar\/web\/index.php\/wp-json\/wp\/v2\/comments?post=20807"}],"version-history":[{"count":1,"href":"https:\/\/diariorepublica.com.ar\/web\/index.php\/wp-json\/wp\/v2\/posts\/20807\/revisions"}],"predecessor-version":[{"id":20809,"href":"https:\/\/diariorepublica.com.ar\/web\/index.php\/wp-json\/wp\/v2\/posts\/20807\/revisions\/20809"}],"wp:featuredmedia":[{"embeddable":true,"href":"https:\/\/diariorepublica.com.ar\/web\/index.php\/wp-json\/wp\/v2\/media\/20808"}],"wp:attachment":[{"href":"https:\/\/diariorepublica.com.ar\/web\/index.php\/wp-json\/wp\/v2\/media?parent=20807"}],"wp:term":[{"taxonomy":"category","embeddable":true,"href":"https:\/\/diariorepublica.com.ar\/web\/index.php\/wp-json\/wp\/v2\/categories?post=20807"},{"taxonomy":"post_tag","embeddable":true,"href":"https:\/\/diariorepublica.com.ar\/web\/index.php\/wp-json\/wp\/v2\/tags?post=20807"}],"curies":[{"name":"wp","href":"https:\/\/api.w.org\/{rel}","templated":true}]}}