{"id":2081,"date":"2023-04-26T10:01:08","date_gmt":"2023-04-26T13:01:08","guid":{"rendered":"https:\/\/diariorepublica.com.ar\/web\/?p=2081"},"modified":"2023-04-26T10:01:09","modified_gmt":"2023-04-26T13:01:09","slug":"reclamo-por-el-estado-del-mamografo-del-hospital-san-juan-bautista","status":"publish","type":"post","link":"https:\/\/diariorepublica.com.ar\/web\/index.php\/politica\/2023\/04\/26\/reclamo-por-el-estado-del-mamografo-del-hospital-san-juan-bautista\/","title":{"rendered":"Reclamo por el estado del mam\u00f3grafo del Hospital \u00abSan Juan Bautista\u00bb"},"content":{"rendered":"<p>La diputada Natalia Saseta, presento un proyecto de resoluci\u00f3n que tiene por objeto solicitar informe fundado al Ministerio de Salud de la Provincia, a fin de que ponga en conocimiento sobre los motivos de la falta de funcionamiento del mam\u00f3grafo del Hospital Interzonal San Juan Bautista.-.<br \/>\nLa direcccion del Hospital San Juan Bautista habr\u00eda informado que \u201cEn raz\u00f3n de las fallas ocurridas en el funcionamiento de nuestro mam\u00f3grafo digital, nos vemos obligados a discontinuar la programaci\u00f3n de turnos de estudio de tamizaje que se realizan dentro del Programa de Control de C\u00e1ncer de mama\u201d.<br \/>\nSin embargo, los responsables del hospital solo se limitaron en aquel entonces a informar el cese de la disponibilidad del equipamiento por el lapso de 60 d\u00edas, sin especificar cu\u00e1les eran las fallas existentes y a\u00fan menos las razones del mismo cese. Durante este periodo se iban a realizar las correspondientes tareas de reparaci\u00f3n y re funcionalizaci\u00f3n del equipo, por lo que se preve\u00eda retomar la atenci\u00f3n en la primera quincena del mes de Marzo.<br \/>\nPese a la fecha l\u00edmite indicada por las propias autoridades del nosocomio para la normalizaci\u00f3n del servicio, nos damos que actualmente, el 25 de Abril de 2023 el mam\u00f3grafo sigue sin funcionar, lo cual constituye un golpe significativo para toda mujer que debe recurrir necesariamente al sistema de salud p\u00fablico.<br \/>\nYa es de notoria gravedad, que no se hayan dado mayores detalles sobre las deficiencias existentes en el equipamiento radiol\u00f3gico, y ello lamentablemente, no es lo \u00fanico que preocupa, dado que miles de catamarque\u00f1as se encuentran en una situaci\u00f3n de vulnerabilidad ante su imposibilidad de hacerse un chequeo anual preventivo contra el c\u00e1ncer.<br \/>\nAsimismo y para peor, se nos han informado sobre el supuesto plan de derivaci\u00f3n implementado por el Ministerio de Salud de la Provincia ante la falta de disponibilidad del mam\u00f3grafo del Hospital San Juan Bautista, el cual consistir\u00eda en derivar a todas las pacientes a conocidos sanatorios privados de la Ciudad Capital y cuyos gastos de tales estudios serian soportados con fondos del Ministerio de Salud. En ese caso, podr\u00eda llegar a suponerse que la falta de soluciones para el sistema de salud p\u00fablico, encierra un penoso negocio del cual solo determinados sectores se benefician. Todo ello, que significar\u00eda un hecho de extrema gravedad, nos ubica en la necesidad de obtener mayores respuestas.<\/p>\n","protected":false},"excerpt":{"rendered":"<p>La diputada Natalia Saseta, presento un proyecto de resoluci\u00f3n que tiene por objeto solicitar informe fundado al Ministerio de Salud<\/p>\n","protected":false},"author":2,"featured_media":2082,"comment_status":"closed","ping_status":"closed","sticky":false,"template":"","format":"standard","meta":{"footnotes":"","jetpack_publicize_message":"","jetpack_publicize_feature_enabled":true,"jetpack_social_post_already_shared":false,"jetpack_social_options":{"image_generator_settings":{"template":"highway","enabled":false},"version":2}},"categories":[12],"tags":[],"class_list":["post-2081","post","type-post","status-publish","format-standard","has-post-thumbnail","hentry","category-politica"],"jetpack_publicize_connections":[],"_links":{"self":[{"href":"https:\/\/diariorepublica.com.ar\/web\/index.php\/wp-json\/wp\/v2\/posts\/2081"}],"collection":[{"href":"https:\/\/diariorepublica.com.ar\/web\/index.php\/wp-json\/wp\/v2\/posts"}],"about":[{"href":"https:\/\/diariorepublica.com.ar\/web\/index.php\/wp-json\/wp\/v2\/types\/post"}],"author":[{"embeddable":true,"href":"https:\/\/diariorepublica.com.ar\/web\/index.php\/wp-json\/wp\/v2\/users\/2"}],"replies":[{"embeddable":true,"href":"https:\/\/diariorepublica.com.ar\/web\/index.php\/wp-json\/wp\/v2\/comments?post=2081"}],"version-history":[{"count":1,"href":"https:\/\/diariorepublica.com.ar\/web\/index.php\/wp-json\/wp\/v2\/posts\/2081\/revisions"}],"predecessor-version":[{"id":2083,"href":"https:\/\/diariorepublica.com.ar\/web\/index.php\/wp-json\/wp\/v2\/posts\/2081\/revisions\/2083"}],"wp:featuredmedia":[{"embeddable":true,"href":"https:\/\/diariorepublica.com.ar\/web\/index.php\/wp-json\/wp\/v2\/media\/2082"}],"wp:attachment":[{"href":"https:\/\/diariorepublica.com.ar\/web\/index.php\/wp-json\/wp\/v2\/media?parent=2081"}],"wp:term":[{"taxonomy":"category","embeddable":true,"href":"https:\/\/diariorepublica.com.ar\/web\/index.php\/wp-json\/wp\/v2\/categories?post=2081"},{"taxonomy":"post_tag","embeddable":true,"href":"https:\/\/diariorepublica.com.ar\/web\/index.php\/wp-json\/wp\/v2\/tags?post=2081"}],"curies":[{"name":"wp","href":"https:\/\/api.w.org\/{rel}","templated":true}]}}