{"id":20832,"date":"2024-12-13T08:36:43","date_gmt":"2024-12-13T11:36:43","guid":{"rendered":"https:\/\/diariorepublica.com.ar\/web\/?p=20832"},"modified":"2024-12-13T08:36:46","modified_gmt":"2024-12-13T11:36:46","slug":"barracas-central-vs-lanus-por-liga-profesional","status":"publish","type":"post","link":"https:\/\/diariorepublica.com.ar\/web\/index.php\/deportes\/2024\/12\/13\/barracas-central-vs-lanus-por-liga-profesional\/","title":{"rendered":"Barracas Central vs. Lan\u00fas, por Liga Profesional"},"content":{"rendered":"<p><b>an\u00fas<\/b>\u00a0visita a\u00a0<b>Barracas Central<\/b>\u00a0este viernes, desde las 19.00 en el Estadio Tom\u00e1s Adolfo Duc\u00f3, en el marco de la fecha 27 de la\u00a0<b>Liga Profesional 2024<\/b>. El conjunto dirigido por Ricardo Zielinski quiere aprovechar el envi\u00f3n de ganar el cl\u00e1sico ante Banfield y del triunfo que logr\u00f3 frente a Instituto para el encuentro ante el Guapo, que empat\u00f3 en tres de sus \u00faltimos cuatro partidos.\u00a0<b>Si el Grana logra un empate clasificar\u00e1 directamente a la Copa Sudamericana 2025<\/b><\/p>\n<p><b>El Guapo llega con algunos resultados irregulares a esta \u00faltima etapa del torneo.<\/b>\u00a0Viene de empatar 0-0 sus \u00faltimos dos partidos: primero frente a Tigre y luego, en su \u00faltima presentaci\u00f3n, ante Riestra. El Guapo no tiene chances de jugar campeonatos internacionales el pr\u00f3ximo a\u00f1o y es, por ahora, el peor equipo del campeonato, ya que\u00a0<b>se ubica en el puesto 28 con 22 unidades.\u00a0<\/b><\/p>\n<p><b>El Granate llega de la mejor manera a este encuentro<\/b>\u00a0debido a que viene de ganar el cl\u00e1sico ante Banfield por 1-0 en el Florencio Sola y de vencer 2-0 a Instituto en La Fortaleza. Anteriormente hab\u00eda igualado tres encuentros consecutivos sin goles ante Platense, V\u00e9lez y Defensa y Justicia.\u00a0<b>Actualmente en el torneo se encuentra 15\u00b0 con 35 unidades.<\/b><\/p>\n<p><b>Lan\u00fas ocupa el \u00faltimo puesto de la zona de clasificaci\u00f3n a la Copa Sudamericana<\/b>. Es por eso que sabe que\u00a0<b>con un triunfo clasifica directamente a este certamen<\/b>. As\u00ed tambi\u00e9n con conseguir\u00a0<b>un empate le vale para meterse al torneo continental<\/b>, debido a que cualquiera sea el campe\u00f3n de la Liga Profesional (Hurac\u00e1n, Talleres o V\u00e9lez) liberar\u00e1 un nuevo cupo para las copas internacionales y Argentinos no podr\u00eda alcanzarlo aun si gana en esta fecha. Finalmente,\u00a0<u>con una derrota tambi\u00e9n podr\u00eda clasificar al torneo en caso de que ocurra una de estas posibilidades: Defensa no se imponga frente a Uni\u00f3n y\/o Argentinos no derrote a Estudiantes.\u00a0<\/u><\/p>\n<p>Sin embargo,\u00a0<b>hay un escenario en el que puede quedar afuera:<\/b>\u00a0si pierde ante Barracas, el Halc\u00f3n supera al Tatengue y el Bicho le gana al Pincha, el Gr\u00e1nate ser\u00e1 superado en la anual por ambos equipos y se despedir\u00e1 de las copas internacionales el a\u00f1o que viene.<\/p>\n<ul>\n<li>Hora: 19.00<\/li>\n<li>TV: ESPN Premium<\/li>\n<li>\u00c1rbitro: Nicol\u00e1s Lamolina<\/li>\n<li>VAR: Andr\u00e9s Gariano<\/li>\n<li>Estadio: Tom\u00e1s Adolfo Duc\u00f3<\/li>\n<\/ul>\n<p>tycsports.com<\/p>\n","protected":false},"excerpt":{"rendered":"<p>an\u00fas\u00a0visita a\u00a0Barracas Central\u00a0este viernes, desde las 19.00 en el Estadio Tom\u00e1s Adolfo Duc\u00f3, en el marco de la fecha 27<\/p>\n","protected":false},"author":1,"featured_media":20833,"comment_status":"closed","ping_status":"closed","sticky":false,"template":"","format":"standard","meta":{"footnotes":"","jetpack_publicize_message":"","jetpack_publicize_feature_enabled":true,"jetpack_social_post_already_shared":true,"jetpack_social_options":{"image_generator_settings":{"template":"highway","enabled":false},"version":2}},"categories":[9],"tags":[],"class_list":["post-20832","post","type-post","status-publish","format-standard","has-post-thumbnail","hentry","category-deportes"],"jetpack_publicize_connections":[],"_links":{"self":[{"href":"https:\/\/diariorepublica.com.ar\/web\/index.php\/wp-json\/wp\/v2\/posts\/20832"}],"collection":[{"href":"https:\/\/diariorepublica.com.ar\/web\/index.php\/wp-json\/wp\/v2\/posts"}],"about":[{"href":"https:\/\/diariorepublica.com.ar\/web\/index.php\/wp-json\/wp\/v2\/types\/post"}],"author":[{"embeddable":true,"href":"https:\/\/diariorepublica.com.ar\/web\/index.php\/wp-json\/wp\/v2\/users\/1"}],"replies":[{"embeddable":true,"href":"https:\/\/diariorepublica.com.ar\/web\/index.php\/wp-json\/wp\/v2\/comments?post=20832"}],"version-history":[{"count":1,"href":"https:\/\/diariorepublica.com.ar\/web\/index.php\/wp-json\/wp\/v2\/posts\/20832\/revisions"}],"predecessor-version":[{"id":20834,"href":"https:\/\/diariorepublica.com.ar\/web\/index.php\/wp-json\/wp\/v2\/posts\/20832\/revisions\/20834"}],"wp:featuredmedia":[{"embeddable":true,"href":"https:\/\/diariorepublica.com.ar\/web\/index.php\/wp-json\/wp\/v2\/media\/20833"}],"wp:attachment":[{"href":"https:\/\/diariorepublica.com.ar\/web\/index.php\/wp-json\/wp\/v2\/media?parent=20832"}],"wp:term":[{"taxonomy":"category","embeddable":true,"href":"https:\/\/diariorepublica.com.ar\/web\/index.php\/wp-json\/wp\/v2\/categories?post=20832"},{"taxonomy":"post_tag","embeddable":true,"href":"https:\/\/diariorepublica.com.ar\/web\/index.php\/wp-json\/wp\/v2\/tags?post=20832"}],"curies":[{"name":"wp","href":"https:\/\/api.w.org\/{rel}","templated":true}]}}