{"id":2085,"date":"2023-04-26T12:27:00","date_gmt":"2023-04-26T15:27:00","guid":{"rendered":"https:\/\/diariorepublica.com.ar\/web\/?p=2085"},"modified":"2023-04-26T12:27:01","modified_gmt":"2023-04-26T15:27:01","slug":"postulantes-para-la-nueva-defensoria-de-la-ninez-y-adolescencia-conocieron-los-resultados-de-su-examen-escrito","status":"publish","type":"post","link":"https:\/\/diariorepublica.com.ar\/web\/index.php\/locales\/2023\/04\/26\/postulantes-para-la-nueva-defensoria-de-la-ninez-y-adolescencia-conocieron-los-resultados-de-su-examen-escrito\/","title":{"rendered":"<strong>Postulantes para la nueva Defensor\u00eda de la Ni\u00f1ez y Adolescencia conocieron los resultados de su examen escrito<\/strong>"},"content":{"rendered":"<p>Los postulantes al cargo de Defensor y adjuntos de los Derechos de Ni\u00f1os, Ni\u00f1as y Adolescentes asistieron a la reuni\u00f3n de la Comisi\u00f3n Bicameral a efectos de hacer entrega del c\u00f3digo alfanum\u00e9rico que permite identificar los ex\u00e1menes escritos realizados el d\u00eda 18 de abril del corriente a\u00f1o.<\/p>\n<p>De este modo qued\u00f3 definido el puntaje obtenido por cada una y cada uno de los participantes en esta etapa de evaluaci\u00f3n.<\/p>\n<p>Participaron de la reuni\u00f3n los legisladores; Susana Diaz, Virginia del Arco, Jose Luis Mart\u00ednez, Ariel Cordero, Gabriela Ib\u00e1\u00f1ez, Alejandra Pons, M\u00f3nica Zalazar, Marina Andrada, Tiago Puente.<\/p>\n","protected":false},"excerpt":{"rendered":"<p>Los postulantes al cargo de Defensor y adjuntos de los Derechos de Ni\u00f1os, Ni\u00f1as y Adolescentes asistieron a la reuni\u00f3n<\/p>\n","protected":false},"author":1,"featured_media":2086,"comment_status":"closed","ping_status":"closed","sticky":false,"template":"","format":"standard","meta":{"footnotes":"","jetpack_publicize_message":"","jetpack_publicize_feature_enabled":true,"jetpack_social_post_already_shared":false,"jetpack_social_options":{"image_generator_settings":{"template":"highway","enabled":false},"version":2}},"categories":[2],"tags":[],"class_list":["post-2085","post","type-post","status-publish","format-standard","has-post-thumbnail","hentry","category-locales"],"jetpack_publicize_connections":[],"_links":{"self":[{"href":"https:\/\/diariorepublica.com.ar\/web\/index.php\/wp-json\/wp\/v2\/posts\/2085"}],"collection":[{"href":"https:\/\/diariorepublica.com.ar\/web\/index.php\/wp-json\/wp\/v2\/posts"}],"about":[{"href":"https:\/\/diariorepublica.com.ar\/web\/index.php\/wp-json\/wp\/v2\/types\/post"}],"author":[{"embeddable":true,"href":"https:\/\/diariorepublica.com.ar\/web\/index.php\/wp-json\/wp\/v2\/users\/1"}],"replies":[{"embeddable":true,"href":"https:\/\/diariorepublica.com.ar\/web\/index.php\/wp-json\/wp\/v2\/comments?post=2085"}],"version-history":[{"count":1,"href":"https:\/\/diariorepublica.com.ar\/web\/index.php\/wp-json\/wp\/v2\/posts\/2085\/revisions"}],"predecessor-version":[{"id":2087,"href":"https:\/\/diariorepublica.com.ar\/web\/index.php\/wp-json\/wp\/v2\/posts\/2085\/revisions\/2087"}],"wp:featuredmedia":[{"embeddable":true,"href":"https:\/\/diariorepublica.com.ar\/web\/index.php\/wp-json\/wp\/v2\/media\/2086"}],"wp:attachment":[{"href":"https:\/\/diariorepublica.com.ar\/web\/index.php\/wp-json\/wp\/v2\/media?parent=2085"}],"wp:term":[{"taxonomy":"category","embeddable":true,"href":"https:\/\/diariorepublica.com.ar\/web\/index.php\/wp-json\/wp\/v2\/categories?post=2085"},{"taxonomy":"post_tag","embeddable":true,"href":"https:\/\/diariorepublica.com.ar\/web\/index.php\/wp-json\/wp\/v2\/tags?post=2085"}],"curies":[{"name":"wp","href":"https:\/\/api.w.org\/{rel}","templated":true}]}}