{"id":20856,"date":"2024-12-16T06:35:00","date_gmt":"2024-12-16T09:35:00","guid":{"rendered":"https:\/\/diariorepublica.com.ar\/web\/?p=20856"},"modified":"2024-12-16T07:38:09","modified_gmt":"2024-12-16T10:38:09","slug":"uno-de-cada-tres-jubilados-es-pobre-en-la-argentina-segun-un-estudio-privado","status":"publish","type":"post","link":"https:\/\/diariorepublica.com.ar\/web\/index.php\/sociedad\/2024\/12\/16\/uno-de-cada-tres-jubilados-es-pobre-en-la-argentina-segun-un-estudio-privado\/","title":{"rendered":"Uno de cada tres jubilados es pobre en la Argentina, seg\u00fan un estudio privado"},"content":{"rendered":"<p>En el \u00faltimo a\u00f1o, la pobreza entre los jubilados en Argentina se increment\u00f3 de forma alarmante, duplicando su incidencia. Seg\u00fan un estudio privado, la tasa de pobreza en este grupo pas\u00f3 del 13,2% en el primer semestre de 2023 al 30,8% en el mismo per\u00edodo de 2024, un aumento de 17,6 puntos porcentuales.<\/p>\n<p>\u00abEste dato muestra que 1 de cada 3 jubilados vive en condiciones de pobreza, y que en el \u00faltimo a\u00f1o m\u00e1s de medio mill\u00f3n de jubilados (542 mil personas) se sumaron a esta situaci\u00f3n\u00bb, destaca el informe.<\/p>\n<article class=\"article-body article-body--third-paragraph content-protected-false\">\n<p>En el caso particular de los jubilados, se observa un<strong>\u00a0marcado incremento en la proporci\u00f3n de personas afectadas por la pobreza.<\/strong>\u00a0Aunque los mayores de 65 a\u00f1os contin\u00faan siendo el grupo etario con menor incidencia, el aumento en la pobreza dentro de este sector ha sido significativo durante el \u00faltimo a\u00f1o, reflejando una vulnerabilidad creciente en esta poblaci\u00f3n hist\u00f3ricamente m\u00e1s resguardada.<\/p>\n<\/article>\n<article class=\"article-body article-body--fourth-paragraph content-protected-false\">\n<p>Esa conclusi\u00f3n fue alcanzada a partir del estudio titulado \u201cPobreza e Indigencia: Perfiles de la pobreza. Propuestas para su abordaje en la Argentina reciente\u201d, llevado a cabo por los investigadores Eduardo Ch\u00e1vez Molina (del Instituto Gino Germani, UBA y Universidad de Mar del Plata), Jos\u00e9 Rodr\u00edguez de la Fuente (del CONICET y el Instituto Gino Germani) y Mariana Sosa (del CONICET).<\/p>\n<\/article>\n<article class=\"article-body article-body--remaining-paragraph content-protected-false\">\n<p>El informe analiza exhaustivamente la<strong>\u00a0incidencia de la pobreza en diversos sectores de la poblaci\u00f3n<\/strong>\u00a0y destaca una realidad sorprendente de los \u00faltimos a\u00f1os:\u00a0<strong>el aumento de la pobreza entre trabajadores en relaci\u00f3n de dependencia formal<\/strong>, y no solo entre aquellos en empleos informales o precarios, como se sol\u00eda pensar. En particular, en el grupo de asalariados formales, se observa una tendencia creciente en la pobreza, especialmente en sectores como comercio, construcci\u00f3n, industria manufacturera y servicios de alojamiento y gastronom\u00eda.<\/p>\n<p>El estudio tambi\u00e9n clasifica a los trabajadores seg\u00fan su carga horaria en tres grupos: ocupados plenos, sobreocupados y subocupados. En el caso de los subocupados, es decir, aquellos que trabajan menos horas de las necesarias o deseadas, se observa un notable incremento de la pobreza, que pas\u00f3 del 40,9% en 2016 al 67,1% en 2024. Esto refleja su alta vulnerabilidad, ya que suelen enfrentar ingresos bajos e insuficientes, caracter\u00edsticos de este tipo de empleo.<\/p>\n<p>Sin embargo,<strong>\u00a0la pobreza tambi\u00e9n aument\u00f3 de manera significativa entre los ocupados plenos y sobreocupados.\u00a0<\/strong>En el caso de los ocupados plenos, la pobreza pas\u00f3 del 17,4% en 2016 al 37,9% en 2024, mientras que entre los sobreocupados subi\u00f3 del 20,2% al 44,4% en el mismo per\u00edodo. Esto muestra que, aunque el impacto de la pobreza es m\u00e1s severo entre los subocupados, otros grupos tambi\u00e9n experimentaron un deterioro econ\u00f3mico significativo.<\/p>\n<p>ambito.com<\/p>\n<\/article>\n\n\n<p><\/p>\n","protected":false},"excerpt":{"rendered":"<p>En el \u00faltimo a\u00f1o, la pobreza entre los jubilados en Argentina se increment\u00f3 de forma alarmante, duplicando su incidencia. Seg\u00fan<\/p>\n","protected":false},"author":1,"featured_media":18628,"comment_status":"closed","ping_status":"closed","sticky":false,"template":"","format":"standard","meta":{"footnotes":"","jetpack_publicize_message":"","jetpack_publicize_feature_enabled":true,"jetpack_social_post_already_shared":true,"jetpack_social_options":{"image_generator_settings":{"template":"highway","enabled":false},"version":2}},"categories":[3],"tags":[],"class_list":["post-20856","post","type-post","status-publish","format-standard","has-post-thumbnail","hentry","category-sociedad"],"jetpack_publicize_connections":[],"_links":{"self":[{"href":"https:\/\/diariorepublica.com.ar\/web\/index.php\/wp-json\/wp\/v2\/posts\/20856"}],"collection":[{"href":"https:\/\/diariorepublica.com.ar\/web\/index.php\/wp-json\/wp\/v2\/posts"}],"about":[{"href":"https:\/\/diariorepublica.com.ar\/web\/index.php\/wp-json\/wp\/v2\/types\/post"}],"author":[{"embeddable":true,"href":"https:\/\/diariorepublica.com.ar\/web\/index.php\/wp-json\/wp\/v2\/users\/1"}],"replies":[{"embeddable":true,"href":"https:\/\/diariorepublica.com.ar\/web\/index.php\/wp-json\/wp\/v2\/comments?post=20856"}],"version-history":[{"count":1,"href":"https:\/\/diariorepublica.com.ar\/web\/index.php\/wp-json\/wp\/v2\/posts\/20856\/revisions"}],"predecessor-version":[{"id":20857,"href":"https:\/\/diariorepublica.com.ar\/web\/index.php\/wp-json\/wp\/v2\/posts\/20856\/revisions\/20857"}],"wp:featuredmedia":[{"embeddable":true,"href":"https:\/\/diariorepublica.com.ar\/web\/index.php\/wp-json\/wp\/v2\/media\/18628"}],"wp:attachment":[{"href":"https:\/\/diariorepublica.com.ar\/web\/index.php\/wp-json\/wp\/v2\/media?parent=20856"}],"wp:term":[{"taxonomy":"category","embeddable":true,"href":"https:\/\/diariorepublica.com.ar\/web\/index.php\/wp-json\/wp\/v2\/categories?post=20856"},{"taxonomy":"post_tag","embeddable":true,"href":"https:\/\/diariorepublica.com.ar\/web\/index.php\/wp-json\/wp\/v2\/tags?post=20856"}],"curies":[{"name":"wp","href":"https:\/\/api.w.org\/{rel}","templated":true}]}}