{"id":20864,"date":"2024-12-16T05:42:00","date_gmt":"2024-12-16T08:42:00","guid":{"rendered":"https:\/\/diariorepublica.com.ar\/web\/?p=20864"},"modified":"2024-12-16T07:44:43","modified_gmt":"2024-12-16T10:44:43","slug":"jimena-baron-anuncio-que-esta-embarazada","status":"publish","type":"post","link":"https:\/\/diariorepublica.com.ar\/web\/index.php\/espectaculos\/2024\/12\/16\/jimena-baron-anuncio-que-esta-embarazada\/","title":{"rendered":"Jimena Bar\u00f3n anunci\u00f3 que est\u00e1 embarazada"},"content":{"rendered":"<article id=\"article-post\" class=\"first\">\n<div class=\"cuerpo\" data-twitter-link=\"https:\/\/twitter.com\/intent\/tweet?url=https:\/\/www.diariopopular.com.ar\/c820256&amp;via=poopulardiario&amp;related=Popular&amp;text=\">\n<p>La actriz y cantante argentina\u00a0<strong>Jimena Bar\u00f3n confirm\u00f3 este domingo que va a ser mam\u00e1<\/strong>junto a su pareja Mat\u00edas Palleiro, y revel\u00f3 que lo est\u00e1n esperando \u00abcon el coraz\u00f3n desbordado de alegr\u00eda y emoci\u00f3n\u00bb.<\/p>\n<\/div>\n<\/article>\n<article id=\"article-post\">\n<div class=\"cuerpo\" data-twitter-link=\"https:\/\/twitter.com\/intent\/tweet?url=https:\/\/www.diariopopular.com.ar\/c820256&amp;via=poopulardiario&amp;related=Popular&amp;text=\">\n<p><strong>\u00abDios, que tambi\u00e9n me trajo dolores, me trajo b\u00e1lsamos y muchos regalos<\/strong>, pero este es el m\u00e1s grande de todos porque en alg\u00fan momento, confieso, dej\u00e9 de esperarlo\u00bb, coment\u00f3 la artista en un posteo en sus redes sociales.<\/p>\n<div id=\"embed32_wrap\" class=\"embed_cont type_freetext\" contenteditable=\"false\">\n<div id=\"embed32_content\" class=\"embed_content\">\n<div id=\"embed32_embed\"><iframe id=\"instagram-embed-0\" class=\"instagram-media instagram-media-rendered\" src=\"https:\/\/www.instagram.com\/p\/DDmyJscv0XZ\/embed\/captioned\/?cr=1&amp;v=14&amp;wp=607&amp;rd=https%3A%2F%2Fwww.diariopopular.com.ar&amp;rp=%2Fespectaculos%2Fjimena-baron-anuncio-que-esta-embarazada-y-mostro-fotos-su-panza-n820256#%7B%22ci%22%3A0%2C%22os%22%3A1274.5%2C%22ls%22%3A115.79999999981374%2C%22le%22%3A115.79999999981374%7D\" height=\"1330\" frameborder=\"0\" scrolling=\"no\" allowfullscreen=\"allowfullscreen\" data-instgrm-payload-id=\"instagram-media-payload-0\" data-gtm-yt-inspected-11=\"true\" data-mce-fragment=\"1\"><\/iframe><\/div>\n<\/div>\n<div id=\"embed32_epigrafe\" class=\"embed_epigrafe\"><\/div>\n<div id=\"embed32_copyright\" class=\"embed_copyright\"><\/div>\n<\/div>\n<p>Sostuvo que su sue\u00f1o siempre fue \u00abtener una familia\u00bb, que le toc\u00f3 \u00abtrabajar duro para esta revancha\u00bb y que \u00abfinalmente\u00bb est\u00e1n en eso.<\/p>\n<p><strong>\u00abBebito lindo, vas a sellar esta familia haci\u00e9ndola m\u00e1s feliz a\u00fan. Vas a hacer pap\u00e1 a Mat\u00edas, hermano a Momo y a m\u00ed mam\u00e1 otra vez, que nada me gusta m\u00e1s en la vida que ser mam\u00e1, ahora tu mam\u00e1\u00bb<\/strong>, subray\u00f3.<\/p>\n<p><strong>Tambi\u00e9n destac\u00f3 el rol de su pareja y de Morrison, su hijo de 10 a\u00f1os. fruto de su anterior relaci\u00f3n con el exfutbolista Daniel Osvaldo<\/strong>. El peque\u00f1o, seg\u00fan cont\u00f3 la actriz, est\u00e1 feliz con la llegada de su hermano.<\/p>\n<p>\u201c<strong>Te estamos esperando con el coraz\u00f3n desbordado de alegr\u00eda y emoci\u00f3n. Ahora s\u00ed estamos todos<\/strong>\u201d, escribi\u00f3, dejando en claro que este momento los encuentra unidos. El mensaje gener\u00f3 una r\u00e1pida reacci\u00f3n en redes, donde seguidores y colegas se sumaron a la celebraci\u00f3n de la noticia.<\/p>\n<p><strong>Desde famosos como Zaira Nara y Paula Chaves, quien fue su compa\u00f1era en su viaje a Tailandia, hasta sus seguidores se encargaron de hacerle llegar mensajes llenos de buenos deseos y felicitaciones.<\/strong>\u00a0\u201cMe vuelvo loca. Que sean muy felices\u201d; \u201cLloro del amor\u201d; \u201cMe infarto de felicidad\u201d; \u201cEs la noticia que est\u00e1bamos todos esperando\u201d; \u201cLlega el amor multiplicado, Jime\u201d; \u201cFelicitaciones a los tres. Se los ve llen\u00edsimos de amor\u201d; \u201cLa mejor noticia para cerrar el 2024\u2033, fueron algunos de los comentarios que se destacaron a poco tiempo de que el embarazo se hizo viral en las redes sociales.<\/p>\n<\/div>\n<\/article>\n","protected":false},"excerpt":{"rendered":"<p>La actriz y cantante argentina\u00a0Jimena Bar\u00f3n confirm\u00f3 este domingo que va a ser mam\u00e1junto a su pareja Mat\u00edas Palleiro, y<\/p>\n","protected":false},"author":1,"featured_media":20865,"comment_status":"closed","ping_status":"closed","sticky":false,"template":"","format":"standard","meta":{"footnotes":"","jetpack_publicize_message":"","jetpack_publicize_feature_enabled":true,"jetpack_social_post_already_shared":true,"jetpack_social_options":{"image_generator_settings":{"template":"highway","enabled":false},"version":2}},"categories":[7],"tags":[],"class_list":["post-20864","post","type-post","status-publish","format-standard","has-post-thumbnail","hentry","category-espectaculos"],"jetpack_publicize_connections":[],"_links":{"self":[{"href":"https:\/\/diariorepublica.com.ar\/web\/index.php\/wp-json\/wp\/v2\/posts\/20864"}],"collection":[{"href":"https:\/\/diariorepublica.com.ar\/web\/index.php\/wp-json\/wp\/v2\/posts"}],"about":[{"href":"https:\/\/diariorepublica.com.ar\/web\/index.php\/wp-json\/wp\/v2\/types\/post"}],"author":[{"embeddable":true,"href":"https:\/\/diariorepublica.com.ar\/web\/index.php\/wp-json\/wp\/v2\/users\/1"}],"replies":[{"embeddable":true,"href":"https:\/\/diariorepublica.com.ar\/web\/index.php\/wp-json\/wp\/v2\/comments?post=20864"}],"version-history":[{"count":1,"href":"https:\/\/diariorepublica.com.ar\/web\/index.php\/wp-json\/wp\/v2\/posts\/20864\/revisions"}],"predecessor-version":[{"id":20866,"href":"https:\/\/diariorepublica.com.ar\/web\/index.php\/wp-json\/wp\/v2\/posts\/20864\/revisions\/20866"}],"wp:featuredmedia":[{"embeddable":true,"href":"https:\/\/diariorepublica.com.ar\/web\/index.php\/wp-json\/wp\/v2\/media\/20865"}],"wp:attachment":[{"href":"https:\/\/diariorepublica.com.ar\/web\/index.php\/wp-json\/wp\/v2\/media?parent=20864"}],"wp:term":[{"taxonomy":"category","embeddable":true,"href":"https:\/\/diariorepublica.com.ar\/web\/index.php\/wp-json\/wp\/v2\/categories?post=20864"},{"taxonomy":"post_tag","embeddable":true,"href":"https:\/\/diariorepublica.com.ar\/web\/index.php\/wp-json\/wp\/v2\/tags?post=20864"}],"curies":[{"name":"wp","href":"https:\/\/api.w.org\/{rel}","templated":true}]}}