{"id":20885,"date":"2024-12-17T07:48:04","date_gmt":"2024-12-17T10:48:04","guid":{"rendered":"https:\/\/diariorepublica.com.ar\/web\/?p=20885"},"modified":"2024-12-17T07:48:05","modified_gmt":"2024-12-17T10:48:05","slug":"figal-fue-operado-y-tendra-una-larga-recuperacion-en-boca","status":"publish","type":"post","link":"https:\/\/diariorepublica.com.ar\/web\/index.php\/deportes\/2024\/12\/17\/figal-fue-operado-y-tendra-una-larga-recuperacion-en-boca\/","title":{"rendered":"Figal fue operado y tendr\u00e1 una larga recuperaci\u00f3n en Boca"},"content":{"rendered":"<p><b>Nicol\u00e1s Figal debi\u00f3 ser sometido a una artroscopia en su tobillo izquierdo\u00a0<\/b>a causa de una fibrosis y su recuperaci\u00f3n demandar\u00e1, al menos, cinco meses.<\/p>\n<p>Ante Independiente, el zaguero qued\u00f3 afuera del equipo luego de jugar\u00a0<b>tres partidos infiltrado<\/b>\u00a0(V\u00e9lez, Gimnasia y Newell&#8217;s) e inmediatamente la prioridad pas\u00f3 a ser su recuperaci\u00f3n. Cuando el Xeneize ya no tuvo nada en juego, se empezaron a evaluar alternativas para dejar atr\u00e1s defintivamente el esguince mal curado. Y as\u00ed fue c\u00f3mo, luego de varios estudos, se determin\u00f3 que lo mejor era que pasara por el quir\u00f3fano.<\/p>\n<p>A los 30 a\u00f1os, Figal deber\u00e1 afrontar una dura recuperaci\u00f3n de alrededor de cinco meses. Siendo que la pr\u00f3xima Copa de Liga comenzar\u00e1 el fin de semana del 25 de enero y la final se jugar\u00e1 el 1\u00b0 de junio,\u00a0<b>lo m\u00e1s probable es que se pierda toda competencia hasta el receso de invierno<\/b>, previo a la segunda Copa de la Liga, que tendr\u00eda su inicio el 13 de julio.<\/p>\n<p>A la espera de m\u00e1s movimientos en el mercado de pases, hoy su baja tendr\u00eda soluci\u00f3n inmediata. Con\u00a0<b>Aaron Anselmino<\/b>\u00a0y\u00a0<b>Marcos Rojo<\/b>\u00a0como posibles titulares, m\u00e1s la recuperaci\u00f3n esperada de\u00a0<b>Cristian Lema<\/b>, la presencia de Lautaro di Lollo y la llegada de alg\u00fan zaguero, la ausencia del ex-Independiente\u00a0<b>no se sentir\u00e1 tanto en el plantel<\/b>.<\/p>\n<p>tycsports.com<\/p>\n","protected":false},"excerpt":{"rendered":"<p>Nicol\u00e1s Figal debi\u00f3 ser sometido a una artroscopia en su tobillo izquierdo\u00a0a causa de una fibrosis y su recuperaci\u00f3n demandar\u00e1,<\/p>\n","protected":false},"author":1,"featured_media":20886,"comment_status":"closed","ping_status":"closed","sticky":false,"template":"","format":"standard","meta":{"footnotes":"","jetpack_publicize_message":"","jetpack_publicize_feature_enabled":true,"jetpack_social_post_already_shared":true,"jetpack_social_options":{"image_generator_settings":{"template":"highway","enabled":false},"version":2}},"categories":[9],"tags":[],"class_list":["post-20885","post","type-post","status-publish","format-standard","has-post-thumbnail","hentry","category-deportes"],"jetpack_publicize_connections":[],"_links":{"self":[{"href":"https:\/\/diariorepublica.com.ar\/web\/index.php\/wp-json\/wp\/v2\/posts\/20885"}],"collection":[{"href":"https:\/\/diariorepublica.com.ar\/web\/index.php\/wp-json\/wp\/v2\/posts"}],"about":[{"href":"https:\/\/diariorepublica.com.ar\/web\/index.php\/wp-json\/wp\/v2\/types\/post"}],"author":[{"embeddable":true,"href":"https:\/\/diariorepublica.com.ar\/web\/index.php\/wp-json\/wp\/v2\/users\/1"}],"replies":[{"embeddable":true,"href":"https:\/\/diariorepublica.com.ar\/web\/index.php\/wp-json\/wp\/v2\/comments?post=20885"}],"version-history":[{"count":1,"href":"https:\/\/diariorepublica.com.ar\/web\/index.php\/wp-json\/wp\/v2\/posts\/20885\/revisions"}],"predecessor-version":[{"id":20887,"href":"https:\/\/diariorepublica.com.ar\/web\/index.php\/wp-json\/wp\/v2\/posts\/20885\/revisions\/20887"}],"wp:featuredmedia":[{"embeddable":true,"href":"https:\/\/diariorepublica.com.ar\/web\/index.php\/wp-json\/wp\/v2\/media\/20886"}],"wp:attachment":[{"href":"https:\/\/diariorepublica.com.ar\/web\/index.php\/wp-json\/wp\/v2\/media?parent=20885"}],"wp:term":[{"taxonomy":"category","embeddable":true,"href":"https:\/\/diariorepublica.com.ar\/web\/index.php\/wp-json\/wp\/v2\/categories?post=20885"},{"taxonomy":"post_tag","embeddable":true,"href":"https:\/\/diariorepublica.com.ar\/web\/index.php\/wp-json\/wp\/v2\/tags?post=20885"}],"curies":[{"name":"wp","href":"https:\/\/api.w.org\/{rel}","templated":true}]}}