{"id":20907,"date":"2024-12-17T09:26:25","date_gmt":"2024-12-17T12:26:25","guid":{"rendered":"https:\/\/diariorepublica.com.ar\/web\/?p=20907"},"modified":"2024-12-17T09:26:27","modified_gmt":"2024-12-17T12:26:27","slug":"murio-la-ensayista-beatriz-sarlo-a-los-82-anos","status":"publish","type":"post","link":"https:\/\/diariorepublica.com.ar\/web\/index.php\/nacionales\/2024\/12\/17\/murio-la-ensayista-beatriz-sarlo-a-los-82-anos\/","title":{"rendered":"Muri\u00f3 la ensayista Beatriz Sarlo a los 82 a\u00f1os"},"content":{"rendered":"<article class=\"article-body article-body--first-paragraph content-protected-false\" data-td-script-src=\"https:\/\/www.ambito.com\/td\/modulos\/encuestas\/js\/function-embeds-min-version-1734235743.js\"><strong>La ensayista, escritora y periodista Beatriz Sarlo falleci\u00f3 este martes a los 82 a\u00f1os<\/strong>, luego de\u00a0<strong>permanecer internada por tres semanas<\/strong>\u00a0en el<strong>\u00a0Sanatorio Otamendi<\/strong>\u00a0a causa de un<strong>\u00a0ACV<\/strong>\u00a0que ya la hab\u00eda dejado con problemas motrices.<\/p>\n<\/article>\n<article class=\"article-body article-body--second-paragraph content-protected-false\">Fue una<strong>\u00a0destacada intelectual argentina<\/strong>, quien supo sobresalir con distintas opiniones durante las \u00faltimas cuatro d\u00e9cadas, como analista permanente de las coyunturas sociales y pol\u00edticas.\u00a0<strong>Escribi\u00f3 decenas de libros<\/strong>, donde se destacan sus ensayos y sus escritos sobre periodismo cultural.<\/p>\n<article class=\"article-body article-body--third-paragraph content-protected-false\">Entre sus libros m\u00e1s distinguidos se encuentran\u00a0<strong>Una modernidad perif\u00e9rica,\u00a0<\/strong>de 1988<strong>, Escenas de la vida posmoderna,\u00a0<\/strong>publicado en 1994<strong>, y La pasi\u00f3n y la excepci\u00f3n,\u00a0<\/strong>donde combina an\u00e1lisis literario, pol\u00edtico y cultural, y que vio la luz en el 2003.<\/p>\n<\/article>\n<article class=\"article-body article-body--fourth-paragraph content-protected-false\">Su trayectoria la llev\u00f3 a obtener diferentes distinciones, como el prestigioso\u00a0<strong>Premio K\u00f3nex de Platino y el Premio Pluma de Honor de la Academia Nacional de Periodismo de la Argentina<\/strong>.<\/p>\n<\/article>\n<article class=\"article-body article-body--remaining-paragraph content-protected-false\">Se gradu\u00f3 en literatura en la\u00a0<strong>Universidad de Buenos Aires<\/strong>\u00a0(UBA), donde tambi\u00e9n brind\u00f3 clases como docente. Luego, comenz\u00f3 su carrera vinculada al an\u00e1lisis cultural y a la cr\u00edtica literaria. Fue la\u00a0<strong>cofundadora de la revista<\/strong>\u00a0<strong>Punto de Vista<\/strong>\u00a0en 1978, la cual fue clave en la\u00a0<strong>resistencia intelectual<\/strong>\u00a0durante la \u00faltima dictadura c\u00edvico-militar argentina.<\/p>\n<p>Esta publicaci\u00f3n fue heredada en el \u00faltimo tiempo por el cr\u00edtico\u00a0<strong>Adri\u00e1n Gorelik<\/strong>, gran amigo de Sarlo que se ocup\u00f3 de ella en estos a\u00f1os finales.<\/p>\n<p><strong>Los \u00faltimos d\u00edas de Beatriz Sarlo<\/strong><\/p>\n<p>Seg\u00fan afirman, la intelectual\u00a0<strong>se encontraba en plena preparaci\u00f3n de un libro de memorias<\/strong>, que originalmente ten\u00eda fecha de publicaci\u00f3n en marzo y por distintos motivos no pudo ser difundido.<\/p>\n<p>Sarlo continuaba viviendo en su\u00a0<strong>hist\u00f3rico departamento del barrio de Caballito<\/strong>. Hace poco tiempo, en marzo del 2023, hab\u00eda fallecido\u00a0<strong>el cineasta Rafael Filipelli\u00a0<\/strong>quien fue su compa\u00f1ero durante las \u00faltimas d\u00e9cadas y p\u00e9rdida que afect\u00f3 mucho a la escritora.<\/p>\n<p><strong>Tuvo un ciclo de deterioro de la salud muy veloz<\/strong>, el cual se precipit\u00f3 en los \u00faltimos meses llegando al ACV que provoc\u00f3 su fallecimiento. Si bien hab\u00eda podido salir de terapia intensiva,\u00a0<strong>sufri\u00f3 una descompensaci\u00f3n que termin\u00f3 con su vida<\/strong>\u00a0este martes por la ma\u00f1ana.<\/p>\n<p>ambito.com<\/p>\n<\/article>\n<\/article>\n","protected":false},"excerpt":{"rendered":"<p>La ensayista, escritora y periodista Beatriz Sarlo falleci\u00f3 este martes a los 82 a\u00f1os, luego de\u00a0permanecer internada por tres semanas\u00a0en<\/p>\n","protected":false},"author":1,"featured_media":20908,"comment_status":"closed","ping_status":"closed","sticky":false,"template":"","format":"standard","meta":{"footnotes":"","jetpack_publicize_message":"","jetpack_publicize_feature_enabled":true,"jetpack_social_post_already_shared":true,"jetpack_social_options":{"image_generator_settings":{"template":"highway","enabled":false},"version":2}},"categories":[4],"tags":[],"class_list":["post-20907","post","type-post","status-publish","format-standard","has-post-thumbnail","hentry","category-nacionales"],"jetpack_publicize_connections":[],"_links":{"self":[{"href":"https:\/\/diariorepublica.com.ar\/web\/index.php\/wp-json\/wp\/v2\/posts\/20907"}],"collection":[{"href":"https:\/\/diariorepublica.com.ar\/web\/index.php\/wp-json\/wp\/v2\/posts"}],"about":[{"href":"https:\/\/diariorepublica.com.ar\/web\/index.php\/wp-json\/wp\/v2\/types\/post"}],"author":[{"embeddable":true,"href":"https:\/\/diariorepublica.com.ar\/web\/index.php\/wp-json\/wp\/v2\/users\/1"}],"replies":[{"embeddable":true,"href":"https:\/\/diariorepublica.com.ar\/web\/index.php\/wp-json\/wp\/v2\/comments?post=20907"}],"version-history":[{"count":1,"href":"https:\/\/diariorepublica.com.ar\/web\/index.php\/wp-json\/wp\/v2\/posts\/20907\/revisions"}],"predecessor-version":[{"id":20909,"href":"https:\/\/diariorepublica.com.ar\/web\/index.php\/wp-json\/wp\/v2\/posts\/20907\/revisions\/20909"}],"wp:featuredmedia":[{"embeddable":true,"href":"https:\/\/diariorepublica.com.ar\/web\/index.php\/wp-json\/wp\/v2\/media\/20908"}],"wp:attachment":[{"href":"https:\/\/diariorepublica.com.ar\/web\/index.php\/wp-json\/wp\/v2\/media?parent=20907"}],"wp:term":[{"taxonomy":"category","embeddable":true,"href":"https:\/\/diariorepublica.com.ar\/web\/index.php\/wp-json\/wp\/v2\/categories?post=20907"},{"taxonomy":"post_tag","embeddable":true,"href":"https:\/\/diariorepublica.com.ar\/web\/index.php\/wp-json\/wp\/v2\/tags?post=20907"}],"curies":[{"name":"wp","href":"https:\/\/api.w.org\/{rel}","templated":true}]}}