{"id":20910,"date":"2024-12-17T11:39:01","date_gmt":"2024-12-17T14:39:01","guid":{"rendered":"https:\/\/diariorepublica.com.ar\/web\/?p=20910"},"modified":"2024-12-17T11:39:04","modified_gmt":"2024-12-17T14:39:04","slug":"bullrich-confirmo-que-vacacionara-en-disney-con-sus-nietos-pese-al-pedido-de-austeridad-de-milei","status":"publish","type":"post","link":"https:\/\/diariorepublica.com.ar\/web\/index.php\/politica\/2024\/12\/17\/bullrich-confirmo-que-vacacionara-en-disney-con-sus-nietos-pese-al-pedido-de-austeridad-de-milei\/","title":{"rendered":"Bullrich confirm\u00f3 que vacacionar\u00e1 en Disney con sus nietos pese al pedido de austeridad de Milei"},"content":{"rendered":"<p>La ministra de Seguridad,\u00a0<strong>Patricia Bullrich,<\/strong>\u00a0confirm\u00f3 que vacacionar\u00e1 en\u00a0<strong>Disney\u00a0<\/strong>con sus nietos pese al pedido de \u201causteridad\u201d del presidente Javier Milei a sus funcionarios a la hora de elegir los destinos para el receso.<\/p>\n<p>Tras la solicitud, Bullrich cont\u00f3 que convers\u00f3 con la secretaria general de la Presidencia,\u00a0<strong>Karina Milei,<\/strong>\u00a0y a posterior, con el mandatario, ante quienes expuso su particularidad y le dieron el visto bueno para ser la excepci\u00f3n a la solicitud.<\/p>\n<p>Seg\u00fan expuso, el viaje configura una promesa que le hizo a sus nietos mellizos a cambio de un buen rendimiento escolar. \u201cDesde que los chicos empezaron la primaria, los mellizos, les hab\u00eda prometido que los iba a llevar. Cay\u00f3 este a\u00f1o\u201d, revel\u00f3.<\/p>\n<p>En la misma l\u00ednea, asegur\u00f3: \u201c<strong>Habl\u00e9 con Karina (Milei) primero,<\/strong>\u00a0le dije que ten\u00eda un compromiso de honor con mis nietos, los chicos vienen ahorrando plata desde que son chiquitos para ir a Disney,\u00a0<strong>y me dijeron que s\u00ed, que cumpla mi promesa que es sagrada\u201d.<\/strong><\/p>\n<p><strong>\u201cMe habl\u00f3 el presidente y me dijo que por supuesto,<\/strong>\u00a0que era un viaje de familia ya pensado, y que adem\u00e1s era una promesa y que la cumpla\u201d, se escud\u00f3 la ministra en declaraciones radiales al tiempo que aclar\u00f3 que solo dispondr\u00e1 de una semana para el receso vacacional.<\/p>\n<p>Bullrich hizo referencia al planteo del mandatario, quien pidi\u00f3 a sus principales colaboradores que elijan lugares<strong>\u00a0que no denoten ostentaci\u00f3n para tomarse los d\u00edas de receso.\u00a0<\/strong>Adem\u00e1s, solicit\u00f3 los pedidos est\u00e9n contemplados entre\u00a0<strong>la \u00faltima semana de diciembre y el mes de enero<\/strong>, y que se mantengan en alerta ante una potencial necesidad para trabajar de requerirse.<\/p>\n<p>De esta forma, los miembros del Gabinete deber\u00e1n evitar viajar a\u00a0<strong>Punta del Este, Estados Unidos<\/strong><strong>\u00a0<\/strong>y<strong>\u00a0<\/strong><strong>Europa,<\/strong>\u00a0por lo menos en las primeras vacaciones de la gesti\u00f3n que asumi\u00f3 en 2023 bajo la estricta premisa de \u201cno hay plata\u201d, y tras haber llevado adelante \u201cel ajuste m\u00e1s grande de la historia\u201d.<\/p>\n","protected":false},"excerpt":{"rendered":"<p>La ministra de Seguridad,\u00a0Patricia Bullrich,\u00a0confirm\u00f3 que vacacionar\u00e1 en\u00a0Disney\u00a0con sus nietos pese al pedido de \u201causteridad\u201d del presidente Javier Milei a<\/p>\n","protected":false},"author":1,"featured_media":20911,"comment_status":"closed","ping_status":"closed","sticky":false,"template":"","format":"standard","meta":{"footnotes":"","jetpack_publicize_message":"","jetpack_publicize_feature_enabled":true,"jetpack_social_post_already_shared":true,"jetpack_social_options":{"image_generator_settings":{"template":"highway","enabled":false},"version":2}},"categories":[12],"tags":[],"class_list":["post-20910","post","type-post","status-publish","format-standard","has-post-thumbnail","hentry","category-politica"],"jetpack_publicize_connections":[],"_links":{"self":[{"href":"https:\/\/diariorepublica.com.ar\/web\/index.php\/wp-json\/wp\/v2\/posts\/20910"}],"collection":[{"href":"https:\/\/diariorepublica.com.ar\/web\/index.php\/wp-json\/wp\/v2\/posts"}],"about":[{"href":"https:\/\/diariorepublica.com.ar\/web\/index.php\/wp-json\/wp\/v2\/types\/post"}],"author":[{"embeddable":true,"href":"https:\/\/diariorepublica.com.ar\/web\/index.php\/wp-json\/wp\/v2\/users\/1"}],"replies":[{"embeddable":true,"href":"https:\/\/diariorepublica.com.ar\/web\/index.php\/wp-json\/wp\/v2\/comments?post=20910"}],"version-history":[{"count":1,"href":"https:\/\/diariorepublica.com.ar\/web\/index.php\/wp-json\/wp\/v2\/posts\/20910\/revisions"}],"predecessor-version":[{"id":20912,"href":"https:\/\/diariorepublica.com.ar\/web\/index.php\/wp-json\/wp\/v2\/posts\/20910\/revisions\/20912"}],"wp:featuredmedia":[{"embeddable":true,"href":"https:\/\/diariorepublica.com.ar\/web\/index.php\/wp-json\/wp\/v2\/media\/20911"}],"wp:attachment":[{"href":"https:\/\/diariorepublica.com.ar\/web\/index.php\/wp-json\/wp\/v2\/media?parent=20910"}],"wp:term":[{"taxonomy":"category","embeddable":true,"href":"https:\/\/diariorepublica.com.ar\/web\/index.php\/wp-json\/wp\/v2\/categories?post=20910"},{"taxonomy":"post_tag","embeddable":true,"href":"https:\/\/diariorepublica.com.ar\/web\/index.php\/wp-json\/wp\/v2\/tags?post=20910"}],"curies":[{"name":"wp","href":"https:\/\/api.w.org\/{rel}","templated":true}]}}