{"id":20913,"date":"2024-12-17T09:41:00","date_gmt":"2024-12-17T12:41:00","guid":{"rendered":"https:\/\/diariorepublica.com.ar\/web\/?p=20913"},"modified":"2024-12-17T11:43:06","modified_gmt":"2024-12-17T14:43:06","slug":"familias-catamarquenas-recibieron-sus-hogares-en-el-barrio-parque-la-gruta-3","status":"publish","type":"post","link":"https:\/\/diariorepublica.com.ar\/web\/index.php\/locales\/2024\/12\/17\/familias-catamarquenas-recibieron-sus-hogares-en-el-barrio-parque-la-gruta-3\/","title":{"rendered":"Familias catamarque\u00f1as recibieron sus hogares en el Barrio Parque La Gruta 3"},"content":{"rendered":"<p>En un emotivo acto celebrado en la zona norte de la Capital, 68 familias catamarque\u00f1as cierran el a\u00f1o 2024 cumpliendo el sue\u00f1o de acceder a su vivienda propia. El gobernador Ra\u00fal Jalil, junto al vicegobernador Rub\u00e9n Dusso y ministro Fidel S\u00e1enz, encabezaron la ceremonia de entrega de llaves, compartiendo la alegr\u00eda de los nuevos propietarios y destacando el impacto de esta pol\u00edtica habitacional que viene implementando el Ministerio de la Vivienda y Urbanizaci\u00f3n.<\/p>\n<p>El Gobernador dese\u00f3 buenos augurios a quienes recibieron su casa y los inst\u00f3 a cuidarlas. Adelant\u00f3 que van a cerrar la semana con la entrega de otras 500 viviendas y remarc\u00f3 la construcci\u00f3n de m\u00e1s obras.<\/p>\n<p>El mandatario, puso \u00e9nfasis en que estos proyectos se concretan gracias a \u201clos recursos de todos los catamarque\u00f1os, de la miner\u00eda y tambi\u00e9n con recursos nacionales y provinciales\u201d.<\/p>\n<p>Las casas, ubicadas en el barrio Parque La Gruta 3, fueron adjudicadas a trav\u00e9s de un Concurso de Precios, una modalidad que no se implementaba desde 2006.<\/p>\n<p>Este sistema permiti\u00f3 a las personas interesadas participar con una oferta m\u00ednima de $15 millones de pesos, con la posibilidad de financiar el monto restante en hasta 193 cuotas. Estaba destinado a familias o personas que, aunque cuenten con ingresos superiores a la media, no logran acceder a la vivienda propia debido a las limitaciones y condiciones desfavorables del mercado inmobiliario.<\/p>\n<p><strong>Emoci\u00f3n y agradecimiento<\/strong><\/p>\n<p>Los propietarios recibieron con emoci\u00f3n las llaves de su hogar. Entre l\u00e1grimas, por el grato momento, Carolina Guerrero, una de las adjudicatarias, habl\u00f3 en nombre del resto de sus vecinos: \u201cEstamos muy agradecidos por la oportunidad, porque muchas familias van a tener un nuevo hogar\u201d.<\/p>\n<p>Y cont\u00f3 lo especial que es para ella esta adjudicaci\u00f3n: \u201cDespu\u00e9s de muchas p\u00e9rdidas personales, esta es una nueva oportunidad para comenzar. Este es un sue\u00f1o que se est\u00e1 haciendo realidad\u201d, a la vez que coment\u00f3 que ya se pusieron de acuerdo con sus vecinos para comenzar una sana convivencia en el barrio.<\/p>\n<p>Acompa\u00f1aron a los nuevos vecinos del barrio Parque La Gruta 3, la presidenta de la C\u00e1mara de Diputados, Paola Fedeli; el secretario de la Vivienda, Daniel Zelaya; el administrador del IPV, Alberto Barrionuevo; diputados y dem\u00e1s autoridades del Ejecutivo.<\/p>\n","protected":false},"excerpt":{"rendered":"<p>En un emotivo acto celebrado en la zona norte de la Capital, 68 familias catamarque\u00f1as cierran el a\u00f1o 2024 cumpliendo<\/p>\n","protected":false},"author":1,"featured_media":20914,"comment_status":"closed","ping_status":"closed","sticky":false,"template":"","format":"standard","meta":{"footnotes":"","jetpack_publicize_message":"","jetpack_publicize_feature_enabled":true,"jetpack_social_post_already_shared":true,"jetpack_social_options":{"image_generator_settings":{"template":"highway","enabled":false},"version":2}},"categories":[2],"tags":[],"class_list":["post-20913","post","type-post","status-publish","format-standard","has-post-thumbnail","hentry","category-locales"],"jetpack_publicize_connections":[],"_links":{"self":[{"href":"https:\/\/diariorepublica.com.ar\/web\/index.php\/wp-json\/wp\/v2\/posts\/20913"}],"collection":[{"href":"https:\/\/diariorepublica.com.ar\/web\/index.php\/wp-json\/wp\/v2\/posts"}],"about":[{"href":"https:\/\/diariorepublica.com.ar\/web\/index.php\/wp-json\/wp\/v2\/types\/post"}],"author":[{"embeddable":true,"href":"https:\/\/diariorepublica.com.ar\/web\/index.php\/wp-json\/wp\/v2\/users\/1"}],"replies":[{"embeddable":true,"href":"https:\/\/diariorepublica.com.ar\/web\/index.php\/wp-json\/wp\/v2\/comments?post=20913"}],"version-history":[{"count":1,"href":"https:\/\/diariorepublica.com.ar\/web\/index.php\/wp-json\/wp\/v2\/posts\/20913\/revisions"}],"predecessor-version":[{"id":20915,"href":"https:\/\/diariorepublica.com.ar\/web\/index.php\/wp-json\/wp\/v2\/posts\/20913\/revisions\/20915"}],"wp:featuredmedia":[{"embeddable":true,"href":"https:\/\/diariorepublica.com.ar\/web\/index.php\/wp-json\/wp\/v2\/media\/20914"}],"wp:attachment":[{"href":"https:\/\/diariorepublica.com.ar\/web\/index.php\/wp-json\/wp\/v2\/media?parent=20913"}],"wp:term":[{"taxonomy":"category","embeddable":true,"href":"https:\/\/diariorepublica.com.ar\/web\/index.php\/wp-json\/wp\/v2\/categories?post=20913"},{"taxonomy":"post_tag","embeddable":true,"href":"https:\/\/diariorepublica.com.ar\/web\/index.php\/wp-json\/wp\/v2\/tags?post=20913"}],"curies":[{"name":"wp","href":"https:\/\/api.w.org\/{rel}","templated":true}]}}