{"id":20940,"date":"2024-12-19T09:35:15","date_gmt":"2024-12-19T12:35:15","guid":{"rendered":"https:\/\/diariorepublica.com.ar\/web\/?p=20940"},"modified":"2024-12-19T09:35:17","modified_gmt":"2024-12-19T12:35:17","slug":"checo-perez-no-seguira-en-red-bull-para-la-temporada-2025-de-la-formula-1","status":"publish","type":"post","link":"https:\/\/diariorepublica.com.ar\/web\/index.php\/deportes\/2024\/12\/19\/checo-perez-no-seguira-en-red-bull-para-la-temporada-2025-de-la-formula-1\/","title":{"rendered":"Checo P\u00e9rez no seguir\u00e1 en Red Bull para la temporada 2025 de la F\u00f3rmula 1"},"content":{"rendered":"<article id=\"article-post\" class=\"first\">\n<div class=\"cuerpo\" data-twitter-link=\"https:\/\/twitter.com\/intent\/tweet?url=https:\/\/www.diariopopular.com.ar\/c820742&amp;via=poopulardiario&amp;related=Popular&amp;text=\">\n<p><strong>El piloto mexicano Sergio Checo P\u00e9rez no seguir\u00e1 ligado a la escuder\u00eda Red Bull para la temporada 2025 de la F\u00f3rmula 1 por lo que deber\u00e1 buscarse una butaca para el pr\u00f3ximo a\u00f1o,\u00a0<\/strong>lo que permite especular con el ingreso de Franco Colapinto a ese equpo.<\/p>\n<\/div>\n<\/article>\n<article id=\"article-post\">\n<div class=\"cuerpo\" data-twitter-link=\"https:\/\/twitter.com\/intent\/tweet?url=https:\/\/www.diariopopular.com.ar\/c820742&amp;via=poopulardiario&amp;related=Popular&amp;text=\">\n<p><strong>\u00abGracias por todo, Checo\u00bb<\/strong>, comenz\u00f3 Red Bull en su posteo en las redes sociales junto a un coraz\u00f3n azul y acompa\u00f1ado de una foto del mexicano con la vestimenta de la escuder\u00eda. Y prosigui\u00f3:\u00a0<strong>\u00abTras cuatro exitosas temporadas juntos, Sergio P\u00e9rez y Oracle Red Bull Racing han llegado a un acuerdo para separar sus caminos en 2025\u00bb<\/strong>.<\/p>\n<p>Hace algunas horas, la escuder\u00eda austr\u00edaca tendr\u00eda pensado anunciar al neozeland\u00e9s Liam Lawson como el reemplazante del mexicano \u00abCheco\u00bb P\u00e9rez, aunque todav\u00eda no hay nada oficial al respecto.<\/p>\n<div id=\"embed44_wrap\" class=\"embed_cont type_freetext\" contenteditable=\"false\">\n<div id=\"embed44_content\" class=\"embed_content\">\n<div id=\"embed44_embed\">\n<div class=\"twitter-tweet twitter-tweet-rendered\"><iframe id=\"twitter-widget-0\" class=\"\" title=\"X Post\" src=\"https:\/\/platform.twitter.com\/embed\/Tweet.html?creatorScreenName=diariopopular&amp;dnt=false&amp;embedId=twitter-widget-0&amp;features=eyJ0ZndfdGltZWxpbmVfbGlzdCI6eyJidWNrZXQiOltdLCJ2ZXJzaW9uIjpudWxsfSwidGZ3X2ZvbGxvd2VyX2NvdW50X3N1bnNldCI6eyJidWNrZXQiOnRydWUsInZlcnNpb24iOm51bGx9LCJ0ZndfdHdlZXRfZWRpdF9iYWNrZW5kIjp7ImJ1Y2tldCI6Im9uIiwidmVyc2lvbiI6bnVsbH0sInRmd19yZWZzcmNfc2Vzc2lvbiI6eyJidWNrZXQiOiJvbiIsInZlcnNpb24iOm51bGx9LCJ0ZndfZm9zbnJfc29mdF9pbnRlcnZlbnRpb25zX2VuYWJsZWQiOnsiYnVja2V0Ijoib24iLCJ2ZXJzaW9uIjpudWxsfSwidGZ3X21peGVkX21lZGlhXzE1ODk3Ijp7ImJ1Y2tldCI6InRyZWF0bWVudCIsInZlcnNpb24iOm51bGx9LCJ0ZndfZXhwZXJpbWVudHNfY29va2llX2V4cGlyYXRpb24iOnsiYnVja2V0IjoxMjA5NjAwLCJ2ZXJzaW9uIjpudWxsfSwidGZ3X3Nob3dfYmlyZHdhdGNoX3Bpdm90c19lbmFibGVkIjp7ImJ1Y2tldCI6Im9uIiwidmVyc2lvbiI6bnVsbH0sInRmd19kdXBsaWNhdGVfc2NyaWJlc190b19zZXR0aW5ncyI6eyJidWNrZXQiOiJvbiIsInZlcnNpb24iOm51bGx9LCJ0ZndfdXNlX3Byb2ZpbGVfaW1hZ2Vfc2hhcGVfZW5hYmxlZCI6eyJidWNrZXQiOiJvbiIsInZlcnNpb24iOm51bGx9LCJ0ZndfdmlkZW9faGxzX2R5bmFtaWNfbWFuaWZlc3RzXzE1MDgyIjp7ImJ1Y2tldCI6InRydWVfYml0cmF0ZSIsInZlcnNpb24iOm51bGx9LCJ0ZndfbGVnYWN5X3RpbWVsaW5lX3N1bnNldCI6eyJidWNrZXQiOnRydWUsInZlcnNpb24iOm51bGx9LCJ0ZndfdHdlZXRfZWRpdF9mcm9udGVuZCI6eyJidWNrZXQiOiJvbiIsInZlcnNpb24iOm51bGx9fQ%3D%3D&amp;frame=false&amp;hideCard=false&amp;hideThread=false&amp;id=1869430225622446207&amp;lang=en&amp;origin=https%3A%2F%2Fwww.diariopopular.com.ar%2Fdeportes%2Fcheco-perez-no-seguira-red-bull-la-temporada-2025-la-formula-1-n820742&amp;sessionId=afeb6793a19882dfa751233226b02f4ee696b5db&amp;siteScreenName=diariopopular&amp;theme=light&amp;widgetsVersion=2615f7e52b7e0%3A1702314776716&amp;width=550px\" frameborder=\"0\" scrolling=\"no\" allowfullscreen=\"allowfullscreen\" data-tweet-id=\"1869430225622446207\" data-gtm-yt-inspected-11=\"true\" data-mce-fragment=\"1\"><\/iframe><\/div>\n<\/div>\n<\/div>\n<div id=\"embed44_epigrafe\" class=\"embed_epigrafe\"><\/div>\n<div id=\"embed44_copyright\" class=\"embed_copyright\"><\/div>\n<\/div>\n<p>Esta movida de Red Bull podr\u00eda abrirle una puerta al argentino Franco Colapinto de cara al 2025, ya que el neozeland\u00e9s dejar\u00e1 vacante su asiento en Racing Bulls, la segunda escuder\u00eda de Red Bull y all\u00ed tendr\u00eda como compa\u00f1ero al japon\u00e9s Yuki Tsunoda. A finales de julio, Red Bull decidi\u00f3 mantener al piloto mexicano en su staff junto al neerland\u00e9s Max Verstappen para el resto de la temporada.<\/p>\n<p>Christian Horner, jefe del equipo, le comunic\u00f3 al personal que el mexicano seguir\u00e1 en su asiento cuando la F1 regrese al Gran Premio de Pa\u00edses Bajos a finales de agosto. El futuro de P\u00e9rez hab\u00eda sido un tema candente en la F1 debido a sus recientes actuaciones.<\/p>\n<p>Adem\u00e1s, Horner asegur\u00f3 que los \u00fanicos pilotos que tienen en mente para reemplazar a Sergio \u00abCheco\u00bb P\u00e9rez son el japon\u00e9s Yuki Tsunoda y el brit\u00e1nico Liam Lawson y que Franco Colapinto no est\u00e1 en su consideraci\u00f3n.<\/p>\n<p>\u00abCreo que Yuki (Tsunoda) ha hecho un buen trabajo, as\u00ed que en caso de que se decidiera algo con Checo, ellos ser\u00edan los candidatos a los que mirar\u00edamos\u00bb, expres\u00f3 Horner en una entrevista para el canal oficial de la F\u00f3rmula 1.<\/p>\n<\/div>\n<\/article>\n","protected":false},"excerpt":{"rendered":"<p>El piloto mexicano Sergio Checo P\u00e9rez no seguir\u00e1 ligado a la escuder\u00eda Red Bull para la temporada 2025 de la<\/p>\n","protected":false},"author":1,"featured_media":20941,"comment_status":"closed","ping_status":"closed","sticky":false,"template":"","format":"standard","meta":{"footnotes":"","jetpack_publicize_message":"","jetpack_publicize_feature_enabled":true,"jetpack_social_post_already_shared":true,"jetpack_social_options":{"image_generator_settings":{"template":"highway","enabled":false},"version":2}},"categories":[9],"tags":[],"class_list":["post-20940","post","type-post","status-publish","format-standard","has-post-thumbnail","hentry","category-deportes"],"jetpack_publicize_connections":[],"_links":{"self":[{"href":"https:\/\/diariorepublica.com.ar\/web\/index.php\/wp-json\/wp\/v2\/posts\/20940"}],"collection":[{"href":"https:\/\/diariorepublica.com.ar\/web\/index.php\/wp-json\/wp\/v2\/posts"}],"about":[{"href":"https:\/\/diariorepublica.com.ar\/web\/index.php\/wp-json\/wp\/v2\/types\/post"}],"author":[{"embeddable":true,"href":"https:\/\/diariorepublica.com.ar\/web\/index.php\/wp-json\/wp\/v2\/users\/1"}],"replies":[{"embeddable":true,"href":"https:\/\/diariorepublica.com.ar\/web\/index.php\/wp-json\/wp\/v2\/comments?post=20940"}],"version-history":[{"count":1,"href":"https:\/\/diariorepublica.com.ar\/web\/index.php\/wp-json\/wp\/v2\/posts\/20940\/revisions"}],"predecessor-version":[{"id":20942,"href":"https:\/\/diariorepublica.com.ar\/web\/index.php\/wp-json\/wp\/v2\/posts\/20940\/revisions\/20942"}],"wp:featuredmedia":[{"embeddable":true,"href":"https:\/\/diariorepublica.com.ar\/web\/index.php\/wp-json\/wp\/v2\/media\/20941"}],"wp:attachment":[{"href":"https:\/\/diariorepublica.com.ar\/web\/index.php\/wp-json\/wp\/v2\/media?parent=20940"}],"wp:term":[{"taxonomy":"category","embeddable":true,"href":"https:\/\/diariorepublica.com.ar\/web\/index.php\/wp-json\/wp\/v2\/categories?post=20940"},{"taxonomy":"post_tag","embeddable":true,"href":"https:\/\/diariorepublica.com.ar\/web\/index.php\/wp-json\/wp\/v2\/tags?post=20940"}],"curies":[{"name":"wp","href":"https:\/\/api.w.org\/{rel}","templated":true}]}}