{"id":20946,"date":"2024-12-19T11:20:00","date_gmt":"2024-12-19T14:20:00","guid":{"rendered":"https:\/\/diariorepublica.com.ar\/web\/?p=20946"},"modified":"2024-12-19T10:21:30","modified_gmt":"2024-12-19T13:21:30","slug":"docentes-municipales-diplomados-en-educacion-emocional","status":"publish","type":"post","link":"https:\/\/diariorepublica.com.ar\/web\/index.php\/sociedad\/2024\/12\/19\/docentes-municipales-diplomados-en-educacion-emocional\/","title":{"rendered":"Docentes municipales diplomados en Educaci\u00f3n Emocional"},"content":{"rendered":"<p>El Sistema Educativo Municipal cuenta ahora con 50 docentes que culminaron con \u00e9xito la Diplomatura Universitaria en Educaci\u00f3n Emocional con Orientaci\u00f3n en Ense\u00f1anza y Aprendizaje Escolar. Esta instancia de formaci\u00f3n se desarroll\u00f3 mediante un convenio entre la Municipalidad de la Capital, cuya r\u00fabrica estuvo a cargo del intendente Gustavo Saadi y la Decana de la Facultad de Humanidades de la UNCa, Lilia Exeni.<\/p>\n<p>La Educaci\u00f3n Emocional es una estrategia educativa que permite el desarrollo de cinco competencias de la inteligencia emocional que se consideran b\u00e1sicas para la vida, y que forman parte del desarrollo integral de las personas. Son conocimientos que brindar\u00e1n un valioso aporte a los estudiantes del SEM.<\/p>\n<p>Con el claro objetivo de valorar los talentos y aptitudes que cada persona lleva en s\u00ed, y siguiendo las pol\u00edticas de inclusi\u00f3n y equidad educativa, la Secretar\u00eda de Educaci\u00f3n y Cultura, a trav\u00e9s de la Administraci\u00f3n de Planeamiento e Innovaci\u00f3n Educativa, promueve acciones para el desarrollo profesional de los docentes, quienes tuvieron acceso al mundo de la inteligencia emocional y la educaci\u00f3n emocional.<\/p>\n<p>De esta manera podr\u00e1n construir las competencias emocionales que les permitan conocer y autorregular sus emociones, como as\u00ed tambi\u00e9n conocer y respetar las emociones de sus estudiantes y pares.<\/p>\n<p>La secretaria de Educaci\u00f3n y Cultura, Marqueza Blanco, acompa\u00f1\u00f3 a los docentes durante el \u00faltimo encuentro presencial, y les agradeci\u00f3 su inter\u00e9s por continuar su perfeccionamiento profesional,\u00a0<em>\u201clo que redunda en buenas pr\u00e1cticas y en ofrecer a nuestros alumnos una educaci\u00f3n de excelencia\u201d<\/em>, se\u00f1al\u00f3.<\/p>\n<p>Desde la Municipalidad de la Capital se apuesta a la formaci\u00f3n docente como un eje para el pleno desarrollo de los estudiantes del SEM, resaltando as\u00ed la calidad educativa que a\u00f1o a a\u00f1o se va perfeccionando y superando expectativas.<\/p>\n","protected":false},"excerpt":{"rendered":"<p>El Sistema Educativo Municipal cuenta ahora con 50 docentes que culminaron con \u00e9xito la Diplomatura Universitaria en Educaci\u00f3n Emocional con<\/p>\n","protected":false},"author":1,"featured_media":20947,"comment_status":"closed","ping_status":"closed","sticky":false,"template":"","format":"standard","meta":{"footnotes":"","jetpack_publicize_message":"","jetpack_publicize_feature_enabled":true,"jetpack_social_post_already_shared":true,"jetpack_social_options":{"image_generator_settings":{"template":"highway","enabled":false},"version":2}},"categories":[3],"tags":[],"class_list":["post-20946","post","type-post","status-publish","format-standard","has-post-thumbnail","hentry","category-sociedad"],"jetpack_publicize_connections":[],"_links":{"self":[{"href":"https:\/\/diariorepublica.com.ar\/web\/index.php\/wp-json\/wp\/v2\/posts\/20946"}],"collection":[{"href":"https:\/\/diariorepublica.com.ar\/web\/index.php\/wp-json\/wp\/v2\/posts"}],"about":[{"href":"https:\/\/diariorepublica.com.ar\/web\/index.php\/wp-json\/wp\/v2\/types\/post"}],"author":[{"embeddable":true,"href":"https:\/\/diariorepublica.com.ar\/web\/index.php\/wp-json\/wp\/v2\/users\/1"}],"replies":[{"embeddable":true,"href":"https:\/\/diariorepublica.com.ar\/web\/index.php\/wp-json\/wp\/v2\/comments?post=20946"}],"version-history":[{"count":1,"href":"https:\/\/diariorepublica.com.ar\/web\/index.php\/wp-json\/wp\/v2\/posts\/20946\/revisions"}],"predecessor-version":[{"id":20948,"href":"https:\/\/diariorepublica.com.ar\/web\/index.php\/wp-json\/wp\/v2\/posts\/20946\/revisions\/20948"}],"wp:featuredmedia":[{"embeddable":true,"href":"https:\/\/diariorepublica.com.ar\/web\/index.php\/wp-json\/wp\/v2\/media\/20947"}],"wp:attachment":[{"href":"https:\/\/diariorepublica.com.ar\/web\/index.php\/wp-json\/wp\/v2\/media?parent=20946"}],"wp:term":[{"taxonomy":"category","embeddable":true,"href":"https:\/\/diariorepublica.com.ar\/web\/index.php\/wp-json\/wp\/v2\/categories?post=20946"},{"taxonomy":"post_tag","embeddable":true,"href":"https:\/\/diariorepublica.com.ar\/web\/index.php\/wp-json\/wp\/v2\/tags?post=20946"}],"curies":[{"name":"wp","href":"https:\/\/api.w.org\/{rel}","templated":true}]}}