{"id":20961,"date":"2024-12-19T15:01:00","date_gmt":"2024-12-19T18:01:00","guid":{"rendered":"https:\/\/diariorepublica.com.ar\/web\/?p=20961"},"modified":"2024-12-19T19:01:52","modified_gmt":"2024-12-19T22:01:52","slug":"la-corte-suprema-declaro-inconstitucional-la-reeleccion-indefinida-de-insfran-en-formosa","status":"publish","type":"post","link":"https:\/\/diariorepublica.com.ar\/web\/index.php\/politica\/2024\/12\/19\/la-corte-suprema-declaro-inconstitucional-la-reeleccion-indefinida-de-insfran-en-formosa\/","title":{"rendered":"La Corte Suprema declar\u00f3 inconstitucional la reelecci\u00f3n indefinida de Insfr\u00e1n en Formosa"},"content":{"rendered":"<p>La\u00a0<strong>Corte Suprema de Justicia declar\u00f3 la inconstitucionalidad del art\u00edculo que habilita la\u00a0<\/strong><br \/>\n<strong>reelecci\u00f3n indefinida\u00a0<\/strong>del gobernador en la provincia de Formosa.<\/p>\n<p>La decisi\u00f3n se refiere a la situaci\u00f3n del gobernador de esa provincia, el peronista\u00a0<strong>Gildo Insfr\u00e1n,<\/strong>\u00a0que est\u00e1 al frente del Poder Ejecutivo desde 1995.<\/p>\n<p>El amparo que precedi\u00f3 al fallo, fue presentado por el frente \u201c<i>Confederaci\u00f3n Frente Amplio Formose\u00f1o<\/i>\u201d y los jueces Horacio Rosatti, Juan Carlos Maqueda y Ricardo Lorenzetti acordaron en que la cl\u00e1usula impugnada (aprobada en 2003) dej\u00f3 expl\u00edcita una ambig\u00fcedad sobre permitir o no las reelecciones de forma ilimitadas<\/p>\n<p>De esa manera, se ve\u00eda afectada la alternancia en el Poder Ejecutivo provincial y en la divisi\u00f3n de poderes, para mantener el sistema democr\u00e1tico con un correcto funcionamiento.<\/p>\n<p>Rosatti, Maqueda y Lorenzetti aseguraron que las provincias \u201c<i>deben ajustarse a los l\u00edmites de la Constituci\u00f3n Nacional<\/i>\u201d y argumentaron que la reelecci\u00f3n ilimitada \u201c<i>fomenta la personalizaci\u00f3n del poder, debilitando el sistema de frenos y contrapesos, y otorgando ventajas inadecuadas en contiendas electorales<\/i>\u201d.<\/p>\n<p>Por su parte, el juez Carlos Rosenkrantz manifest\u00f3 que este tipo de pr\u00e1cticas electorales \u201c<i>erosiona<\/i>\u201d la representaci\u00f3n de los gobernantes y puede derivar en \u201c<i>pr\u00e1cticas autoritarias<\/i>\u201d; asimismo asever\u00f3 que Insfr\u00e1n completar\u00e1 su mandato sin problemas.<\/p>\n<p>En definitiva, el fallo establece que Formosa deber\u00e1 modificar su Constituci\u00f3n mediante los \u201c<i>procedimientos previstos en su normativa<\/i>\u201d, para ponerle freno a las reelecciones indefinidas, marcando un precedente \u201c<i>en la relaci\u00f3n entre federalismo y los principios fundamentales del orden republicano<\/i>\u201d.<\/p>\n<p>NA<\/p>\n","protected":false},"excerpt":{"rendered":"<p>La\u00a0Corte Suprema de Justicia declar\u00f3 la inconstitucionalidad del art\u00edculo que habilita la\u00a0 reelecci\u00f3n indefinida\u00a0del gobernador en la provincia de Formosa.<\/p>\n","protected":false},"author":1,"featured_media":20962,"comment_status":"closed","ping_status":"closed","sticky":false,"template":"","format":"standard","meta":{"footnotes":"","jetpack_publicize_message":"","jetpack_publicize_feature_enabled":true,"jetpack_social_post_already_shared":true,"jetpack_social_options":{"image_generator_settings":{"template":"highway","enabled":false},"version":2}},"categories":[12],"tags":[],"class_list":["post-20961","post","type-post","status-publish","format-standard","has-post-thumbnail","hentry","category-politica"],"jetpack_publicize_connections":[],"_links":{"self":[{"href":"https:\/\/diariorepublica.com.ar\/web\/index.php\/wp-json\/wp\/v2\/posts\/20961"}],"collection":[{"href":"https:\/\/diariorepublica.com.ar\/web\/index.php\/wp-json\/wp\/v2\/posts"}],"about":[{"href":"https:\/\/diariorepublica.com.ar\/web\/index.php\/wp-json\/wp\/v2\/types\/post"}],"author":[{"embeddable":true,"href":"https:\/\/diariorepublica.com.ar\/web\/index.php\/wp-json\/wp\/v2\/users\/1"}],"replies":[{"embeddable":true,"href":"https:\/\/diariorepublica.com.ar\/web\/index.php\/wp-json\/wp\/v2\/comments?post=20961"}],"version-history":[{"count":1,"href":"https:\/\/diariorepublica.com.ar\/web\/index.php\/wp-json\/wp\/v2\/posts\/20961\/revisions"}],"predecessor-version":[{"id":20963,"href":"https:\/\/diariorepublica.com.ar\/web\/index.php\/wp-json\/wp\/v2\/posts\/20961\/revisions\/20963"}],"wp:featuredmedia":[{"embeddable":true,"href":"https:\/\/diariorepublica.com.ar\/web\/index.php\/wp-json\/wp\/v2\/media\/20962"}],"wp:attachment":[{"href":"https:\/\/diariorepublica.com.ar\/web\/index.php\/wp-json\/wp\/v2\/media?parent=20961"}],"wp:term":[{"taxonomy":"category","embeddable":true,"href":"https:\/\/diariorepublica.com.ar\/web\/index.php\/wp-json\/wp\/v2\/categories?post=20961"},{"taxonomy":"post_tag","embeddable":true,"href":"https:\/\/diariorepublica.com.ar\/web\/index.php\/wp-json\/wp\/v2\/tags?post=20961"}],"curies":[{"name":"wp","href":"https:\/\/api.w.org\/{rel}","templated":true}]}}