{"id":20964,"date":"2024-12-19T17:02:00","date_gmt":"2024-12-19T20:02:00","guid":{"rendered":"https:\/\/diariorepublica.com.ar\/web\/?p=20964"},"modified":"2024-12-19T19:03:27","modified_gmt":"2024-12-19T22:03:27","slug":"victoria-villarruel-responsabilizo-sin-nombrarla-a-patricia-bullrich-por-el-secuestro-del-gendarme","status":"publish","type":"post","link":"https:\/\/diariorepublica.com.ar\/web\/index.php\/politica\/2024\/12\/19\/victoria-villarruel-responsabilizo-sin-nombrarla-a-patricia-bullrich-por-el-secuestro-del-gendarme\/","title":{"rendered":"Victoria Villarruel responsabiliz\u00f3 sin nombrarla a Patricia Bullrich por el secuestro del gendarme"},"content":{"rendered":"<p>La vicepresidenta\u00a0<strong>Victoria Villarruel\u00a0<\/strong>mostr\u00f3 su\u00a0disconformidad con la decisi\u00f3n del Gobierno nacional de habilitarle el viaje al gendarme argentino a Venezuela, quien se encuentra detenido desde el 8 de diciembre pasado.<\/p>\n<p>\u00ab<strong>Jam\u00e1s habr\u00eda autorizado a un gendarme a ir a Venezuela<\/strong>. Lo que est\u00e1 ocurriendo es la consecuencia tristemente obvia, pero como no soy del \u00e1rea de Seguridad no opino de las sanciones y acciones que se debieran tomar. Slds\u00bb, dijo Villarruel en una respuesta que le hizo un usuario en X.<\/p>\n<p>De esta manera, la presidenta del Senado le envi\u00f3 un fuerte mensaje no solo a la Casa Rosada, con quien mantiene una relaci\u00f3n de alta tensi\u00f3n, sino tambi\u00e9n a la ministra de Seguridad,<strong>\u00a0Patricia Bullrich<\/strong>.<\/p>\n<p><strong>Villaruel aspiraba a tener mayor injerencia en la cartera de Bullrich y tambi\u00e9n en Defensa, que lidera Luis Petri<\/strong>. Sin embargo, el presidente Javier Milei la releg\u00f3 a su rol de Vicepresidenta.<\/p>\n<p>Tanto Seguridad como Defensa hab\u00edan sido los t\u00f3picos que la abogada apuntalaba durante el per\u00edodo electoral del 2023. El gendarme argentino,\u00a0<strong>Nahuel Gallo<\/strong>, fue detenido por el r\u00e9gimen de Nicol\u00e1s Maduro e incomunicado. Es acusado de ser esp\u00eda del Gobierno argentino.<\/p>\n<p>NA<\/p>\n","protected":false},"excerpt":{"rendered":"<p>La vicepresidenta\u00a0Victoria Villarruel\u00a0mostr\u00f3 su\u00a0disconformidad con la decisi\u00f3n del Gobierno nacional de habilitarle el viaje al gendarme argentino a Venezuela, quien<\/p>\n","protected":false},"author":1,"featured_media":20965,"comment_status":"closed","ping_status":"closed","sticky":false,"template":"","format":"standard","meta":{"footnotes":"","jetpack_publicize_message":"","jetpack_publicize_feature_enabled":true,"jetpack_social_post_already_shared":true,"jetpack_social_options":{"image_generator_settings":{"template":"highway","enabled":false},"version":2}},"categories":[12],"tags":[],"class_list":["post-20964","post","type-post","status-publish","format-standard","has-post-thumbnail","hentry","category-politica"],"jetpack_publicize_connections":[],"_links":{"self":[{"href":"https:\/\/diariorepublica.com.ar\/web\/index.php\/wp-json\/wp\/v2\/posts\/20964"}],"collection":[{"href":"https:\/\/diariorepublica.com.ar\/web\/index.php\/wp-json\/wp\/v2\/posts"}],"about":[{"href":"https:\/\/diariorepublica.com.ar\/web\/index.php\/wp-json\/wp\/v2\/types\/post"}],"author":[{"embeddable":true,"href":"https:\/\/diariorepublica.com.ar\/web\/index.php\/wp-json\/wp\/v2\/users\/1"}],"replies":[{"embeddable":true,"href":"https:\/\/diariorepublica.com.ar\/web\/index.php\/wp-json\/wp\/v2\/comments?post=20964"}],"version-history":[{"count":1,"href":"https:\/\/diariorepublica.com.ar\/web\/index.php\/wp-json\/wp\/v2\/posts\/20964\/revisions"}],"predecessor-version":[{"id":20966,"href":"https:\/\/diariorepublica.com.ar\/web\/index.php\/wp-json\/wp\/v2\/posts\/20964\/revisions\/20966"}],"wp:featuredmedia":[{"embeddable":true,"href":"https:\/\/diariorepublica.com.ar\/web\/index.php\/wp-json\/wp\/v2\/media\/20965"}],"wp:attachment":[{"href":"https:\/\/diariorepublica.com.ar\/web\/index.php\/wp-json\/wp\/v2\/media?parent=20964"}],"wp:term":[{"taxonomy":"category","embeddable":true,"href":"https:\/\/diariorepublica.com.ar\/web\/index.php\/wp-json\/wp\/v2\/categories?post=20964"},{"taxonomy":"post_tag","embeddable":true,"href":"https:\/\/diariorepublica.com.ar\/web\/index.php\/wp-json\/wp\/v2\/tags?post=20964"}],"curies":[{"name":"wp","href":"https:\/\/api.w.org\/{rel}","templated":true}]}}