{"id":20970,"date":"2024-12-20T06:02:00","date_gmt":"2024-12-20T09:02:00","guid":{"rendered":"https:\/\/diariorepublica.com.ar\/web\/?p=20970"},"modified":"2024-12-20T10:03:56","modified_gmt":"2024-12-20T13:03:56","slug":"milei-en-tucuman-hemos-demostrado-que-el-mejor-plan-social-para-sacar-a-la-gente-de-la-pobreza-es-exterminar-la-inflacion","status":"publish","type":"post","link":"https:\/\/diariorepublica.com.ar\/web\/index.php\/politica\/2024\/12\/20\/milei-en-tucuman-hemos-demostrado-que-el-mejor-plan-social-para-sacar-a-la-gente-de-la-pobreza-es-exterminar-la-inflacion\/","title":{"rendered":"Milei en Tucum\u00e1n: \u00abHemos demostrado que el mejor plan social para sacar a la gente de la pobreza es exterminar la inflaci\u00f3n\u00bb"},"content":{"rendered":"<p>El presidente<strong>\u00a0Javier Milei recibi\u00f3 hoy en Tucum\u00e1n el premio Juan Bautista Alberdi<\/strong>, otorgado por la Fundaci\u00f3n Federalismo y Libertad,\u00a0<strong>en reconocimiento de \u00absu valiente defensa de la libertad\u00bb\u00a0<\/strong>y brind\u00f3 un discurso donde remarc\u00f3 la importancia del equilibrio fiscal para \u00abexterminar la inflaci\u00f3n\u00bb.<\/p>\n<p>\u00ab<strong>Es un orgullo para mi ser merecedor de semejante distinci\u00f3n aqu\u00ed en Tucum\u00e1n, la tierra de nuestro pr\u00f3cer Juan Bautista Alberdi.<\/strong>\u00a0Quiero reconocer a la fundaci\u00f3n por haberme apoyado durante tantos a\u00f1os. Hoy, en parte gracias al trabajo hecho por fundaciones como \u00e9sta, Argentina tiene su primer presidente liberal\/libertario de la historia\u00bb, destac\u00f3 Milei\u00a0<strong>en un acto que cont\u00f3 con la presencia del gobernador tucumano Osvaldo Jaldo, quien lo recibi\u00f3 en el aeropuerto y su par catamarque\u00f1o, Ra\u00fal Jalil.<\/strong><\/p>\n<p>\u00ab<strong>Argentina cierra el 2024 con equilibrio fiscal en la l\u00ednea financiera, es decir que lo que parec\u00eda imposible lo hicimos posible<\/strong>\u00a0y ese hombre enorme y talentoso que es\u00a0<strong>Luis &#8216;Toto&#8217; Caputo<\/strong>, que tanto lo criticaron y menospreciaron desde que asumimos,\u00a0<strong>fue elegido el mejor ministro de Econom\u00eda del mundo<\/strong>. En seis meses de gobierno hicimos el ajuste fiscal m\u00e1s graande de la historia de la humanidad y eso se tradujo en la ca\u00edda de la tasa de inflaci\u00f3n\u00bb, remarc\u00f3.<\/p>\n<p>A su vez, el Presidente tambi\u00e9n destac\u00f3 que\u00a0<strong>\u00abde no ser por el crawling peg (devaluaci\u00f3n administrada), hoy Argentina tendr\u00eda una deflaci\u00f3n mensual del 1%\u00bb<\/strong>\u00a0y se\u00f1al\u00f3:<strong>\u00a0\u00abHemos demostrado que el mejor plan social para sacar a la gente de la pobreza es exterminar la inflaci\u00f3n\u00bb.<\/strong><\/p>\n<p>\u00abSi hay un motivo por el cual llegu\u00e9 a ser presidente pese a no tener gobernadores, intendentes ni apoyo de los medios es porque siempre dije la verdad, y prefer\u00ed decir verdades inc\u00f3modas antes que mentiras confortables\u00bb, afirm\u00f3 Milei.<\/p>\n<p>Por \u00faltimo, el Presidente\u00a0<strong>destac\u00f3 el \u00abfundamental aporte\u00bb del bloque de diputados del PRO<\/strong>\u00a0y se refiri\u00f3 a la situaci\u00f3n que atraviesa\u00a0<strong>Cristian Ritondo<\/strong>, quien es siendo investigado junto a su esposa por presuntas irregularidades relacionadas con la acumulaci\u00f3n de bienes en el exterior.\u00a0<strong>\u00abEst\u00e1 siendo v\u00edctima de operaciones y persecuciones por colaborar con el Gobierno.<\/strong>\u00a0Si bien hemos arrancado en espacios distintos, hoy nos encontramos cada d\u00eda m\u00e1s cerca\u00bb.<\/p>\n<p>NA<\/p>\n","protected":false},"excerpt":{"rendered":"<p>El presidente\u00a0Javier Milei recibi\u00f3 hoy en Tucum\u00e1n el premio Juan Bautista Alberdi, otorgado por la Fundaci\u00f3n Federalismo y Libertad,\u00a0en reconocimiento<\/p>\n","protected":false},"author":1,"featured_media":20971,"comment_status":"closed","ping_status":"closed","sticky":false,"template":"","format":"standard","meta":{"footnotes":"","jetpack_publicize_message":"","jetpack_publicize_feature_enabled":true,"jetpack_social_post_already_shared":true,"jetpack_social_options":{"image_generator_settings":{"template":"highway","enabled":false},"version":2}},"categories":[12],"tags":[],"class_list":["post-20970","post","type-post","status-publish","format-standard","has-post-thumbnail","hentry","category-politica"],"jetpack_publicize_connections":[],"_links":{"self":[{"href":"https:\/\/diariorepublica.com.ar\/web\/index.php\/wp-json\/wp\/v2\/posts\/20970"}],"collection":[{"href":"https:\/\/diariorepublica.com.ar\/web\/index.php\/wp-json\/wp\/v2\/posts"}],"about":[{"href":"https:\/\/diariorepublica.com.ar\/web\/index.php\/wp-json\/wp\/v2\/types\/post"}],"author":[{"embeddable":true,"href":"https:\/\/diariorepublica.com.ar\/web\/index.php\/wp-json\/wp\/v2\/users\/1"}],"replies":[{"embeddable":true,"href":"https:\/\/diariorepublica.com.ar\/web\/index.php\/wp-json\/wp\/v2\/comments?post=20970"}],"version-history":[{"count":1,"href":"https:\/\/diariorepublica.com.ar\/web\/index.php\/wp-json\/wp\/v2\/posts\/20970\/revisions"}],"predecessor-version":[{"id":20972,"href":"https:\/\/diariorepublica.com.ar\/web\/index.php\/wp-json\/wp\/v2\/posts\/20970\/revisions\/20972"}],"wp:featuredmedia":[{"embeddable":true,"href":"https:\/\/diariorepublica.com.ar\/web\/index.php\/wp-json\/wp\/v2\/media\/20971"}],"wp:attachment":[{"href":"https:\/\/diariorepublica.com.ar\/web\/index.php\/wp-json\/wp\/v2\/media?parent=20970"}],"wp:term":[{"taxonomy":"category","embeddable":true,"href":"https:\/\/diariorepublica.com.ar\/web\/index.php\/wp-json\/wp\/v2\/categories?post=20970"},{"taxonomy":"post_tag","embeddable":true,"href":"https:\/\/diariorepublica.com.ar\/web\/index.php\/wp-json\/wp\/v2\/tags?post=20970"}],"curies":[{"name":"wp","href":"https:\/\/api.w.org\/{rel}","templated":true}]}}