{"id":20980,"date":"2024-12-20T09:28:00","date_gmt":"2024-12-20T12:28:00","guid":{"rendered":"https:\/\/diariorepublica.com.ar\/web\/?p=20980"},"modified":"2024-12-20T10:10:50","modified_gmt":"2024-12-20T13:10:50","slug":"colapinto-se-quedo-sin-asiento-en-formula-1-racing-bulls-confirmo-a-hadjar-como-piloto-para-2025","status":"publish","type":"post","link":"https:\/\/diariorepublica.com.ar\/web\/index.php\/deportes\/2024\/12\/20\/colapinto-se-quedo-sin-asiento-en-formula-1-racing-bulls-confirmo-a-hadjar-como-piloto-para-2025\/","title":{"rendered":"Colapinto se qued\u00f3 sin asiento en F\u00f3rmula 1:\u00a0Racing Bulls confirm\u00f3 a Hadjar como piloto para 2025"},"content":{"rendered":"<p><strong>Franco Colapinto\u00a0recibi\u00f3 otra mala noticia<\/strong>\u00a0este viernes, ya que\u00a0<strong>Racing Bulls (RB) confirm\u00f3 la incorporaci\u00f3n de Isack Hadjar para el 2025<\/strong>. Este movimiento completa la grilla de pilotos para la pr\u00f3xima temporada de\u00a0<strong>F\u00f3rmula 1<\/strong>, lo que lo deja sin espacio para mantenerse en la m\u00e1xima categor\u00eda.<\/p>\n<p>El piloto franc\u00e9s de 20 a\u00f1os se destac\u00f3 en la \u00faltima temporada de\u00a0<strong>F\u00f3rmula 2<\/strong>, adem\u00e1s de que forma parte de la academia de\u00a0<strong>Red Bull Racing<\/strong>. Esto hizo que est\u00e9 en la consideraci\u00f3n de la escuder\u00eda secundaria del equipo que lidera dentro de la pista\u00a0<strong>Max Verstappen<\/strong>.<\/p>\n<div class=\"relative flex items-center justify-center\">\n<div class=\"z-10\">\n<div id=\"Inline\"><\/div>\n<\/div>\n<\/div>\n<p><img decoding=\"async\" src=\"https:\/\/www.canal26.com\/media\/image\/2024\/12\/20\/639576.jpg\" alt=\"Isack Hadjar es el nuevo piloto de Racing Bulls. Foto: x F1.\" \/><span class=\"figcaption epigraph_text\">Isack Hadjar es el nuevo piloto de Racing Bulls. Foto: x F1.<\/span><\/p>\n<p><strong>El subcampe\u00f3n de la F2 tendr\u00e1 su primera experiencia en la F\u00f3rmula 1 como compa\u00f1ero de Yuki Tsunoda<\/strong>, quien aparece como el piloto principal de la formaci\u00f3n. Este fichaje parec\u00eda el movimiento l\u00f3gico luego de confirmarse que\u00a0<strong>Liam Lawson pasar\u00e1 a Red Bull en 2025<\/strong>, que significa un importante salto en su carrera.<\/p>\n<p>Sin embargo, este anuncio que se dio en la ma\u00f1ana del viernes representa una mala noticia para\u00a0<strong>Franco Colapinto<\/strong>, ya que estaba expectante. Finalmente, al haberse\u00a0<strong>confirmado todos los pilotos para el pr\u00f3ximo a\u00f1o<\/strong>, el \u00fanico movimiento posible es una incorporaci\u00f3n en\u00a0<strong>Alpine<\/strong>, aunque todo indica que las negociaciones se enfriaron.<\/p>\n","protected":false},"excerpt":{"rendered":"<p>Franco Colapinto\u00a0recibi\u00f3 otra mala noticia\u00a0este viernes, ya que\u00a0Racing Bulls (RB) confirm\u00f3 la incorporaci\u00f3n de Isack Hadjar para el 2025. Este<\/p>\n","protected":false},"author":1,"featured_media":20981,"comment_status":"closed","ping_status":"closed","sticky":false,"template":"","format":"standard","meta":{"footnotes":"","jetpack_publicize_message":"","jetpack_publicize_feature_enabled":true,"jetpack_social_post_already_shared":true,"jetpack_social_options":{"image_generator_settings":{"template":"highway","enabled":false},"version":2}},"categories":[9],"tags":[],"class_list":["post-20980","post","type-post","status-publish","format-standard","has-post-thumbnail","hentry","category-deportes"],"jetpack_publicize_connections":[],"_links":{"self":[{"href":"https:\/\/diariorepublica.com.ar\/web\/index.php\/wp-json\/wp\/v2\/posts\/20980"}],"collection":[{"href":"https:\/\/diariorepublica.com.ar\/web\/index.php\/wp-json\/wp\/v2\/posts"}],"about":[{"href":"https:\/\/diariorepublica.com.ar\/web\/index.php\/wp-json\/wp\/v2\/types\/post"}],"author":[{"embeddable":true,"href":"https:\/\/diariorepublica.com.ar\/web\/index.php\/wp-json\/wp\/v2\/users\/1"}],"replies":[{"embeddable":true,"href":"https:\/\/diariorepublica.com.ar\/web\/index.php\/wp-json\/wp\/v2\/comments?post=20980"}],"version-history":[{"count":1,"href":"https:\/\/diariorepublica.com.ar\/web\/index.php\/wp-json\/wp\/v2\/posts\/20980\/revisions"}],"predecessor-version":[{"id":20982,"href":"https:\/\/diariorepublica.com.ar\/web\/index.php\/wp-json\/wp\/v2\/posts\/20980\/revisions\/20982"}],"wp:featuredmedia":[{"embeddable":true,"href":"https:\/\/diariorepublica.com.ar\/web\/index.php\/wp-json\/wp\/v2\/media\/20981"}],"wp:attachment":[{"href":"https:\/\/diariorepublica.com.ar\/web\/index.php\/wp-json\/wp\/v2\/media?parent=20980"}],"wp:term":[{"taxonomy":"category","embeddable":true,"href":"https:\/\/diariorepublica.com.ar\/web\/index.php\/wp-json\/wp\/v2\/categories?post=20980"},{"taxonomy":"post_tag","embeddable":true,"href":"https:\/\/diariorepublica.com.ar\/web\/index.php\/wp-json\/wp\/v2\/tags?post=20980"}],"curies":[{"name":"wp","href":"https:\/\/api.w.org\/{rel}","templated":true}]}}