{"id":20995,"date":"2024-12-23T00:59:00","date_gmt":"2024-12-23T03:59:00","guid":{"rendered":"https:\/\/diariorepublica.com.ar\/web\/?p=20995"},"modified":"2024-12-23T08:01:34","modified_gmt":"2024-12-23T11:01:34","slug":"donald-trump-anuncio-que-mauricio-claver-carone-sera-su-enviado-especial-del-departamento-de-estado-para-america-latina","status":"publish","type":"post","link":"https:\/\/diariorepublica.com.ar\/web\/index.php\/internacionales\/2024\/12\/23\/donald-trump-anuncio-que-mauricio-claver-carone-sera-su-enviado-especial-del-departamento-de-estado-para-america-latina\/","title":{"rendered":"Donald Trump anunci\u00f3 que Mauricio Claver-Carone ser\u00e1 su enviado especial del Departamento de Estado para Am\u00e9rica Latina"},"content":{"rendered":"<p>A menos de un mes para su asunci\u00f3n al frente de la Casa Blanca, el presidente electo de Estados Unidos, Donald Trump, anunci\u00f3 que Mauricio Claver-Carone ser\u00e1 su Enviado Especial del Departamento de Estado para Am\u00e9rica Latina. \u00abEs hora de restablecer el orden en nuestro propio hemisferio\u00bb, adelant\u00f3 el magnate.<\/p>\n<p>A trav\u00e9s de su red social Truth Social, Trump destac\u00f3: \u201cMauricio ha desempe\u00f1ado muchas funciones importantes, incluso en la Casa Blanca, como mi Director Principal para Asuntos del Hemisferio Occidental\u201d.<\/p>\n<article class=\"article-body article-body--third-paragraph content-protected-false\">Adem\u00e1s de ocupar esos cargos, tambi\u00e9n fue presidente del\u00a0<strong>Banco Interamericano de Desarrollo (BID)<\/strong>\u00a0entre 2020 y 2022. Su candidatura para ese puesto fue impulsada por el propio Trump durante su primera gesti\u00f3n al frente del Poder Ejecutivo.<\/p>\n<\/article>\n<article class=\"article-body article-body--fourth-paragraph content-protected-false\">Las pol\u00edticas migratorias fueron un eje central en la campa\u00f1a del republicano para imponerse sobre Kamala Harris, por lo que el trabajo de Claver-Carone ser\u00e1 importante para impulsar sus iniciativas en esta materia. \u201cEn los \u00faltimos cuatro a\u00f1os, el caos y la anarqu\u00eda se han apoderado de nuestras fronteras.\u00a0<strong>Es hora de restablecer el orden en nuestro propio hemisferio.<\/strong>\u00a0Mauricio conoce la regi\u00f3n y\u00a0<strong>sabe c\u00f3mo anteponer los intereses de Estados Unidos\u201d, remarc\u00f3.<\/strong><\/p>\n<\/article>\n<article class=\"article-body article-body--remaining-paragraph content-protected-false\">En ese sentido, agreg\u00f3: \u201cTambi\u00e9n conoce las<strong>\u00a0graves amenazas a las que nos enfrentamos por la inmigraci\u00f3n<\/strong>\u00a0masiva ilegal y el fentanilo. Como Enviado Especial del Departamento de Estado,\u00a0<strong>Mauricio trabajar\u00e1 incansablemente para proteger al pueblo estadounidense<\/strong>\u201d.<\/p>\n<div id=\"embed2783_wrap\" class=\"embed_cont type_freetext\" contenteditable=\"false\" data-provider=\"Twitter\">\n<div id=\"embed2783_content\" class=\"embed_content\">\n<div id=\"embed2783_embed\">\n<div class=\"twitter-tweet twitter-tweet-rendered\"><iframe id=\"twitter-widget-0\" class=\"\" title=\"X Post\" src=\"https:\/\/platform.twitter.com\/embed\/Tweet.html?creatorScreenName=Ambitocom&amp;dnt=false&amp;embedId=twitter-widget-0&amp;features=eyJ0ZndfdGltZWxpbmVfbGlzdCI6eyJidWNrZXQiOltdLCJ2ZXJzaW9uIjpudWxsfSwidGZ3X2ZvbGxvd2VyX2NvdW50X3N1bnNldCI6eyJidWNrZXQiOnRydWUsInZlcnNpb24iOm51bGx9LCJ0ZndfdHdlZXRfZWRpdF9iYWNrZW5kIjp7ImJ1Y2tldCI6Im9uIiwidmVyc2lvbiI6bnVsbH0sInRmd19yZWZzcmNfc2Vzc2lvbiI6eyJidWNrZXQiOiJvbiIsInZlcnNpb24iOm51bGx9LCJ0ZndfZm9zbnJfc29mdF9pbnRlcnZlbnRpb25zX2VuYWJsZWQiOnsiYnVja2V0Ijoib24iLCJ2ZXJzaW9uIjpudWxsfSwidGZ3X21peGVkX21lZGlhXzE1ODk3Ijp7ImJ1Y2tldCI6InRyZWF0bWVudCIsInZlcnNpb24iOm51bGx9LCJ0ZndfZXhwZXJpbWVudHNfY29va2llX2V4cGlyYXRpb24iOnsiYnVja2V0IjoxMjA5NjAwLCJ2ZXJzaW9uIjpudWxsfSwidGZ3X3Nob3dfYmlyZHdhdGNoX3Bpdm90c19lbmFibGVkIjp7ImJ1Y2tldCI6Im9uIiwidmVyc2lvbiI6bnVsbH0sInRmd19kdXBsaWNhdGVfc2NyaWJlc190b19zZXR0aW5ncyI6eyJidWNrZXQiOiJvbiIsInZlcnNpb24iOm51bGx9LCJ0ZndfdXNlX3Byb2ZpbGVfaW1hZ2Vfc2hhcGVfZW5hYmxlZCI6eyJidWNrZXQiOiJvbiIsInZlcnNpb24iOm51bGx9LCJ0ZndfdmlkZW9faGxzX2R5bmFtaWNfbWFuaWZlc3RzXzE1MDgyIjp7ImJ1Y2tldCI6InRydWVfYml0cmF0ZSIsInZlcnNpb24iOm51bGx9LCJ0ZndfbGVnYWN5X3RpbWVsaW5lX3N1bnNldCI6eyJidWNrZXQiOnRydWUsInZlcnNpb24iOm51bGx9LCJ0ZndfdHdlZXRfZWRpdF9mcm9udGVuZCI6eyJidWNrZXQiOiJvbiIsInZlcnNpb24iOm51bGx9fQ%3D%3D&amp;frame=false&amp;hideCard=false&amp;hideThread=false&amp;id=1870963224713330883&amp;lang=es&amp;origin=https%3A%2F%2Fwww.ambito.com%2Fmundo%2Fdonald-trump-anuncio-que-mauricio-claver-carone-sera-su-enviado-especial-del-departamento-estado-america-latina-n6095814&amp;sessionId=2e4035c7de24fe9437de5ab1de5c177c07f989b7&amp;siteScreenName=Ambitocom&amp;theme=light&amp;widgetsVersion=2615f7e52b7e0%3A1702314776716&amp;width=550px\" frameborder=\"0\" scrolling=\"no\" allowfullscreen=\"allowfullscreen\" data-tweet-id=\"1870963224713330883\" data-mce-fragment=\"1\"><\/iframe><\/div>\n<\/div>\n<\/div>\n<\/div>\n<p>Claver-Carone es considerado cercano al senador\u00a0<strong>Marco Rubio<\/strong>, de Florida, a quien Trump eligi\u00f3 como pr\u00f3ximo secretario de Estado norteamericano.<\/p>\n<\/article>\n","protected":false},"excerpt":{"rendered":"<p>A menos de un mes para su asunci\u00f3n al frente de la Casa Blanca, el presidente electo de Estados Unidos,<\/p>\n","protected":false},"author":1,"featured_media":20996,"comment_status":"closed","ping_status":"closed","sticky":false,"template":"","format":"standard","meta":{"footnotes":"","jetpack_publicize_message":"","jetpack_publicize_feature_enabled":true,"jetpack_social_post_already_shared":true,"jetpack_social_options":{"image_generator_settings":{"template":"highway","enabled":false},"version":2}},"categories":[6],"tags":[],"class_list":["post-20995","post","type-post","status-publish","format-standard","has-post-thumbnail","hentry","category-internacionales"],"jetpack_publicize_connections":[],"_links":{"self":[{"href":"https:\/\/diariorepublica.com.ar\/web\/index.php\/wp-json\/wp\/v2\/posts\/20995"}],"collection":[{"href":"https:\/\/diariorepublica.com.ar\/web\/index.php\/wp-json\/wp\/v2\/posts"}],"about":[{"href":"https:\/\/diariorepublica.com.ar\/web\/index.php\/wp-json\/wp\/v2\/types\/post"}],"author":[{"embeddable":true,"href":"https:\/\/diariorepublica.com.ar\/web\/index.php\/wp-json\/wp\/v2\/users\/1"}],"replies":[{"embeddable":true,"href":"https:\/\/diariorepublica.com.ar\/web\/index.php\/wp-json\/wp\/v2\/comments?post=20995"}],"version-history":[{"count":1,"href":"https:\/\/diariorepublica.com.ar\/web\/index.php\/wp-json\/wp\/v2\/posts\/20995\/revisions"}],"predecessor-version":[{"id":20997,"href":"https:\/\/diariorepublica.com.ar\/web\/index.php\/wp-json\/wp\/v2\/posts\/20995\/revisions\/20997"}],"wp:featuredmedia":[{"embeddable":true,"href":"https:\/\/diariorepublica.com.ar\/web\/index.php\/wp-json\/wp\/v2\/media\/20996"}],"wp:attachment":[{"href":"https:\/\/diariorepublica.com.ar\/web\/index.php\/wp-json\/wp\/v2\/media?parent=20995"}],"wp:term":[{"taxonomy":"category","embeddable":true,"href":"https:\/\/diariorepublica.com.ar\/web\/index.php\/wp-json\/wp\/v2\/categories?post=20995"},{"taxonomy":"post_tag","embeddable":true,"href":"https:\/\/diariorepublica.com.ar\/web\/index.php\/wp-json\/wp\/v2\/tags?post=20995"}],"curies":[{"name":"wp","href":"https:\/\/api.w.org\/{rel}","templated":true}]}}