{"id":20998,"date":"2024-12-23T08:05:00","date_gmt":"2024-12-23T11:05:00","guid":{"rendered":"https:\/\/diariorepublica.com.ar\/web\/?p=20998"},"modified":"2024-12-23T08:05:03","modified_gmt":"2024-12-23T11:05:03","slug":"chau-impuesto-pais-que-pasara-con-los-precios-de-netflix-disney-amazon-y-spotify","status":"publish","type":"post","link":"https:\/\/diariorepublica.com.ar\/web\/index.php\/economia\/2024\/12\/23\/chau-impuesto-pais-que-pasara-con-los-precios-de-netflix-disney-amazon-y-spotify\/","title":{"rendered":"Chau Impuesto PAIS: qu\u00e9 pasar\u00e1 con los precios de Netflix, Disney, Amazon y Spotify"},"content":{"rendered":"<article class=\"article-body article-body--first-paragraph content-protected-false\" data-td-script-src=\"https:\/\/www.ambito.com\/td\/modulos\/encuestas\/js\/function-embeds-min-version-1734840464.js\">Luego de cinco a\u00f1os de vigencia, el\u00a0<strong>Impuesto Para una Argentina Inclusiva y Solidaria (PAIS)<\/strong> qued\u00f3 sin efecto desde hoy. Se espera que su extinci\u00f3n impacte positivamente mediante la baja de precios. Los usuarios de las plataformas de <strong>streaming,<\/strong>\u00a0como\u00a0<strong>Netlix,<\/strong>\u00a0Disney, Amazon y Spotify<strong>,<\/strong>\u00a0estar\u00e1n entre los beneficiados.<\/p>\n<\/article>\n<article class=\"article-body article-body--second-paragraph content-protected-false\">Se trat\u00f3 de un\u00a0<strong>impuesto \u201ctemporal\u201d<\/strong>\u00a0creado por el gobierno de\u00a0<strong>Alberto Fern\u00e1ndez<\/strong>\u00a0para desalentar la demanda de divisas, en un contexto de escases al finalizar la administraci\u00f3n de Mauricio Macri en 2019. En un principio, grav\u00f3 con un 30% la compra de d\u00f3lar ahorro y de bienes y servicios adquiridos en el exterior.<\/p>\n<article class=\"article-body article-body--third-paragraph content-protected-false\">Luego,\u00a0<strong>en 2023, se sum\u00f3 un 7,5% a las importaciones<\/strong>\u00a0(excepto algunos productos de la canasta b\u00e1sica e insumos para determinadas obras p\u00fablicas) y para\u00a0<strong>servicios<\/strong>\u00a0de\u00a0<strong>fletes;<\/strong>\u00a0adem\u00e1s de ciertos pagos de\u00a0<strong>servicios,<\/strong>\u00a0como inform\u00e1ticos o de mantenimiento y reparaci\u00f3n, y asesoramientos profesionales, en esos casos con una al\u00edcuota del 25%.<\/p>\n<\/article>\n<article class=\"article-body article-body--fourth-paragraph content-protected-false\">El gravamen actu\u00f3 como complemento del\u00a0<strong>cepo cambiario<\/strong>\u00a0y, a diferencia de otros que se mantienen,<strong>\u00a0el presidente Javier Milei decidi\u00f3 no renovarlo<\/strong>, respetando su fecha de caducidad, por lo que este lunes 23 deja de existir formalmente.<\/p>\n<\/article>\n<article class=\"article-body article-body--remaining-paragraph content-protected-false\">En la pr\u00e1ctica<strong>, las importaciones no lo pagan desde fin de noviembre<\/strong>, cuando se dej\u00f3 de cobrar el 95% a cuenta. Dos meses antes, a inicios de septiembre, la al\u00edcuota para la importaci\u00f3n de bienes y fletes se retrotrajo del 17,5% al 7,5% original. El Gobierno de Milei la hab\u00eda elevado de manera \u201ctransitoria\u201d a ese porcentaje a comienzos de su gesti\u00f3n.<\/p>\n<p>Se espera que con la eliminaci\u00f3n total<strong>\u00a0se traslade la baja de los costos a los precios<\/strong>, especialmente en art\u00edculos importados, aunque podr\u00eda no ser lineal ni generalizado en productos locales que contienen insumos extranjeros.<\/p>\n<p>El Gobierno conf\u00eda en que este paso ayudar\u00e1 a<strong>\u00a0consolidar la desaceleraci\u00f3n de la inflaci\u00f3n<\/strong>, pero en el sector admiten que empresarios podr\u00edan aprovechar a recuperar m\u00e1rgenes tras un a\u00f1o de baja rentabilidad por la suba creciente de los costos y la ca\u00edda de ventas por la baja del consumo.<\/p>\n<p>Se abaratar\u00e1n compras en el exterior de turismo y de ropa y electr\u00f3nica en plataformas como\u00a0<strong>Amazon,<\/strong>\u00a0y consumos de streaming como\u00a0<strong>Netflix, Disney<\/strong>\u00a0y\u00a0<strong>Spotify,<\/strong>\u00a0lo que aumentar\u00e1 la presi\u00f3n sobre las reservas del Banco Central.<\/p>\n<p>El\u00a0<strong>d\u00f3lar tarjeta<\/strong>\u00a0($ 1.670) se compone por el d\u00f3lar oficial ($ 1.044) m\u00e1s un 60% de percepciones: 30% en concepto de anticipo de Ganancias y 30% por el Impuesto PA\u00cdS. Al anularse este \u00faltimo,\u00a0<strong>bajar\u00e1 un 30% su cotizaci\u00f3n<\/strong>, por lo que desde este lunes se ubicar\u00eda en $ 1.355, reduci\u00e9ndose a la mitad la carga impositiva, ya que seguir\u00e1 aplic\u00e1ndose el 30% correspondiente a Ganancias.<\/p>\n<p>Consumos de tarjetas de cr\u00e9dito que se abonen luego de este domingo no abonar\u00e1n el tributo, independientemente de cu\u00e1ndo se hizo la compra.\u00a0<strong>Los bancos trabajan en adaptar sus sistemas para reflejar el cambio en los pr\u00f3ximos res\u00famenes.<\/strong><\/p>\n<p>Consultoras esperan que la desaparici\u00f3n del Impuesto Pa\u00eds tenga mayor efecto en la inflaci\u00f3n mayorista que en la minorista.<\/p>\n<p>Tras la rebaja de la al\u00edcuota del 17,5% al 7,5%, supermercados confirman la baja de precios que anunci\u00f3 el Gobierno de entre 2,4% y 10% en alimentos importados, pero aclaran que es incipiente y hay que esperar a la reposici\u00f3n de mercader\u00eda, demorada por el consumo que no despega.<\/p>\n<p>Aseguran que las bajas fueron puntuales y que es escaso el surtido de productos terminados que vienen de afuera.<\/p>\n<p>La expiraci\u00f3n del impuesto beneficiar\u00e1 a cerca de 11 millones de personas que lo pagan. No obstante, con el d\u00f3lar MEP como el tipo de cambio m\u00e1s conveniente del mercado ($ 1.130), cae la proporci\u00f3n de argentinos que pagan consumos en el exterior en pesos y, en cambio, crece el n\u00famero de los que abonan en d\u00f3lares gastos correspondientes a moneda extranjera para as\u00ed evitar los impuestos.<\/p>\n<p>El\u00a0<strong>Impuesto PA\u00cdS creci\u00f3 en participaci\u00f3n en la recaudaci\u00f3n<\/strong>\u00a0total conforme se ampli\u00f3 su alcance y se elevaron las al\u00edcuotas.<\/p>\n<p>Fue el s\u00e9ptimo impuesto m\u00e1s importante en 2023, con un aporte del 0,8% al PBI y se estima que 2024 cerrar\u00e1 con un peso del 1,2%.<\/p>\n<p>En noviembre (\u00faltimo dato disponible), recaud\u00f3 $ 389.468 millones, 97,6% interanual m\u00e1s. Entre enero y ese mes, fueron $ 6,1 billones, el 5,1% de la recaudaci\u00f3n total ($ 118,3 billones). Su desaparici\u00f3n obligar\u00e1 a compensar esa p\u00e9rdida con la entrada de otros ingresos o el recorte de gastos.<\/p>\n<p>Consultoras destacan la eliminaci\u00f3n por considerarlo un tributo distorsivo, caracter\u00edstico de una econom\u00eda disfuncional y de restricciones.<\/p>\n<p>ambito.com<\/p>\n<\/article>\n<\/article>\n","protected":false},"excerpt":{"rendered":"<p>Luego de cinco a\u00f1os de vigencia, el\u00a0Impuesto Para una Argentina Inclusiva y Solidaria (PAIS) qued\u00f3 sin efecto desde hoy. Se<\/p>\n","protected":false},"author":1,"featured_media":20999,"comment_status":"closed","ping_status":"closed","sticky":false,"template":"","format":"standard","meta":{"footnotes":"","jetpack_publicize_message":"","jetpack_publicize_feature_enabled":true,"jetpack_social_post_already_shared":true,"jetpack_social_options":{"image_generator_settings":{"template":"highway","enabled":false},"version":2}},"categories":[5],"tags":[],"class_list":["post-20998","post","type-post","status-publish","format-standard","has-post-thumbnail","hentry","category-economia"],"jetpack_publicize_connections":[],"_links":{"self":[{"href":"https:\/\/diariorepublica.com.ar\/web\/index.php\/wp-json\/wp\/v2\/posts\/20998"}],"collection":[{"href":"https:\/\/diariorepublica.com.ar\/web\/index.php\/wp-json\/wp\/v2\/posts"}],"about":[{"href":"https:\/\/diariorepublica.com.ar\/web\/index.php\/wp-json\/wp\/v2\/types\/post"}],"author":[{"embeddable":true,"href":"https:\/\/diariorepublica.com.ar\/web\/index.php\/wp-json\/wp\/v2\/users\/1"}],"replies":[{"embeddable":true,"href":"https:\/\/diariorepublica.com.ar\/web\/index.php\/wp-json\/wp\/v2\/comments?post=20998"}],"version-history":[{"count":1,"href":"https:\/\/diariorepublica.com.ar\/web\/index.php\/wp-json\/wp\/v2\/posts\/20998\/revisions"}],"predecessor-version":[{"id":21000,"href":"https:\/\/diariorepublica.com.ar\/web\/index.php\/wp-json\/wp\/v2\/posts\/20998\/revisions\/21000"}],"wp:featuredmedia":[{"embeddable":true,"href":"https:\/\/diariorepublica.com.ar\/web\/index.php\/wp-json\/wp\/v2\/media\/20999"}],"wp:attachment":[{"href":"https:\/\/diariorepublica.com.ar\/web\/index.php\/wp-json\/wp\/v2\/media?parent=20998"}],"wp:term":[{"taxonomy":"category","embeddable":true,"href":"https:\/\/diariorepublica.com.ar\/web\/index.php\/wp-json\/wp\/v2\/categories?post=20998"},{"taxonomy":"post_tag","embeddable":true,"href":"https:\/\/diariorepublica.com.ar\/web\/index.php\/wp-json\/wp\/v2\/tags?post=20998"}],"curies":[{"name":"wp","href":"https:\/\/api.w.org\/{rel}","templated":true}]}}