{"id":21001,"date":"2024-12-23T05:05:00","date_gmt":"2024-12-23T08:05:00","guid":{"rendered":"https:\/\/diariorepublica.com.ar\/web\/?p=21001"},"modified":"2024-12-23T08:07:04","modified_gmt":"2024-12-23T11:07:04","slug":"el-mensaje-de-javier-milei-a-mauricio-macri-y-al-pro-o-vamos-juntos-en-todos-lados-o-vamos-separados","status":"publish","type":"post","link":"https:\/\/diariorepublica.com.ar\/web\/index.php\/politica\/2024\/12\/23\/el-mensaje-de-javier-milei-a-mauricio-macri-y-al-pro-o-vamos-juntos-en-todos-lados-o-vamos-separados\/","title":{"rendered":"El mensaje de Javier Milei a Mauricio Macri y al PRO: \u00abO vamos juntos en todos lados o vamos separados\u00bb"},"content":{"rendered":"<p>En medio de la interna entre el PRO y La Libertad Avanza (LLA), el presidente Javier Milei sali\u00f3 a dar un contundente mensaje dirigido a Mauricio Macri. En declaraciones este domingo, el Presidente consider\u00f3 que \u00abo vamos juntos en todo o vamos separados\u00bb, en relaci\u00f3n a la alianza electoral para los comicios del a\u00f1o pr\u00f3ximo, un tema que viene levantando polvareda en el Gobierno.<\/p>\n<p>Milei se prepara para lo que ser\u00e1 la contienda electoral del a\u00f1o pr\u00f3ximo. Busca rearmar su espacio y fortalecerlo con el apoyo del PRO, su aliado fundamental para lograr el triunfo en 2023 y con el que puso superar varios obst\u00e1culos al aprobar varias leyes con el apoyo de ese espacio en el Congreso.<\/p>\n<article class=\"article-body article-body--third-paragraph content-protected-false\">\n<p class=\"\" data-mrf-recirculation=\"Links inline\">En las \u00faltimas semanas, las declaraciones del expresidente Macri recalentaron la relaci\u00f3n del PRO con LLA, a partir de la discusi\u00f3n del armado de la estructura electoral para las elecciones legislativas de 2025.<\/p>\n<\/article>\n<article class=\"article-body article-body--fourth-paragraph content-protected-false\">\n<p class=\"\" data-mrf-recirculation=\"Links inline\">Fue por ese lado que Milei respondi\u00f3 ante la consulta, en una entrevista que concedi\u00f3 a Forbes este domingo. All\u00ed adelant\u00f3 que uscar\u00e1 consolidar una fuerza propia en el Congreso de la Naci\u00f3n, y dej\u00f3 un contundente mensaje para Macri y el PRO:\u00a0<strong>\u00ab<\/strong><strong>O vamos juntos en todo o vamos separados\u00bb<\/strong>.<\/p>\n<\/article>\n<article class=\"article-body article-body--remaining-paragraph content-protected-false\">\n<p class=\"\" data-mrf-recirculation=\"Links inline\">\u201cLas elecciones van a ser extremadamente importantes para marcar\u00a0<strong>la velocidad de la reforma<\/strong>. La hicimos de una manera r\u00e1pida, pero\u00a0<strong>podr\u00edamos haberlo hecho much\u00edsimo m\u00e1s r\u00e1pido\u00bb, explic\u00f3 el Presidente.<\/strong><\/p>\n<p data-mrf-recirculation=\"Links inline\">En ese sentido, al ser consultado sobre si podr\u00eda negociar con el espacio de Mauricio Macri candidatos en determinadas jurisdicciones, Milei respondi\u00f3 de forma categ\u00f3rica: \u00abNo hago ese c\u00e1lculo. Me niego rotundamente. Eso es hacerle trampa al electorado. O vamos juntos en todo o vamos separados. Trampas al electorado, no. Los que estamos del lado de las ideas de la libertad, nos ponemos de este lado\u00bb.<\/p>\n<p data-mrf-recirculation=\"Links inline\">Y agreg\u00f3: \u00abDel otro lado no me interesa porque yo no estoy, no tengo nada que hablar con los kukas\u00bb, dijo el libertario en relaci\u00f3n al armado del peronismo, pensando en las elecciones venideras.<\/p>\n<p class=\"\" data-mrf-recirculation=\"Links inline\">Por otra parte, Milei volvi\u00f3 a dar un mensaje por su primer a\u00f1o de gesti\u00f3n, en el que apunt\u00f3 contra la pol\u00edtica, que trab\u00f3 el avance del Gobierno en materia de cambios legislativos: \u00abEl dolor que tuvo que soportar el pueblo argentino durante el primer trimestre, si no hubiera sido porque la pol\u00edtica empastaba todo, hubiera sido mucho m\u00e1s breve\u00bb, consider\u00f3.<\/p>\n<p data-mrf-recirculation=\"Links inline\">ambito.com<\/p>\n<\/article>\n","protected":false},"excerpt":{"rendered":"<p>En medio de la interna entre el PRO y La Libertad Avanza (LLA), el presidente Javier Milei sali\u00f3 a dar<\/p>\n","protected":false},"author":1,"featured_media":21002,"comment_status":"closed","ping_status":"closed","sticky":false,"template":"","format":"standard","meta":{"footnotes":"","jetpack_publicize_message":"","jetpack_publicize_feature_enabled":true,"jetpack_social_post_already_shared":true,"jetpack_social_options":{"image_generator_settings":{"template":"highway","enabled":false},"version":2}},"categories":[12],"tags":[],"class_list":["post-21001","post","type-post","status-publish","format-standard","has-post-thumbnail","hentry","category-politica"],"jetpack_publicize_connections":[],"_links":{"self":[{"href":"https:\/\/diariorepublica.com.ar\/web\/index.php\/wp-json\/wp\/v2\/posts\/21001"}],"collection":[{"href":"https:\/\/diariorepublica.com.ar\/web\/index.php\/wp-json\/wp\/v2\/posts"}],"about":[{"href":"https:\/\/diariorepublica.com.ar\/web\/index.php\/wp-json\/wp\/v2\/types\/post"}],"author":[{"embeddable":true,"href":"https:\/\/diariorepublica.com.ar\/web\/index.php\/wp-json\/wp\/v2\/users\/1"}],"replies":[{"embeddable":true,"href":"https:\/\/diariorepublica.com.ar\/web\/index.php\/wp-json\/wp\/v2\/comments?post=21001"}],"version-history":[{"count":1,"href":"https:\/\/diariorepublica.com.ar\/web\/index.php\/wp-json\/wp\/v2\/posts\/21001\/revisions"}],"predecessor-version":[{"id":21003,"href":"https:\/\/diariorepublica.com.ar\/web\/index.php\/wp-json\/wp\/v2\/posts\/21001\/revisions\/21003"}],"wp:featuredmedia":[{"embeddable":true,"href":"https:\/\/diariorepublica.com.ar\/web\/index.php\/wp-json\/wp\/v2\/media\/21002"}],"wp:attachment":[{"href":"https:\/\/diariorepublica.com.ar\/web\/index.php\/wp-json\/wp\/v2\/media?parent=21001"}],"wp:term":[{"taxonomy":"category","embeddable":true,"href":"https:\/\/diariorepublica.com.ar\/web\/index.php\/wp-json\/wp\/v2\/categories?post=21001"},{"taxonomy":"post_tag","embeddable":true,"href":"https:\/\/diariorepublica.com.ar\/web\/index.php\/wp-json\/wp\/v2\/tags?post=21001"}],"curies":[{"name":"wp","href":"https:\/\/api.w.org\/{rel}","templated":true}]}}