{"id":21013,"date":"2024-12-26T06:37:00","date_gmt":"2024-12-26T09:37:00","guid":{"rendered":"https:\/\/diariorepublica.com.ar\/web\/?p=21013"},"modified":"2024-12-26T07:39:02","modified_gmt":"2024-12-26T10:39:02","slug":"elecciones-2025-federico-sturzenegger-afirmo-que-se-pondra-en-juego-el-modelo-de-javier-milei-o-el-de-axel-kicillof","status":"publish","type":"post","link":"https:\/\/diariorepublica.com.ar\/web\/index.php\/politica\/2024\/12\/26\/elecciones-2025-federico-sturzenegger-afirmo-que-se-pondra-en-juego-el-modelo-de-javier-milei-o-el-de-axel-kicillof\/","title":{"rendered":"Elecciones 2025: Federico Sturzenegger afirm\u00f3 que se pondr\u00e1 en juego el modelo de Javier Milei o el de Axel Kicillof"},"content":{"rendered":"<p>El ministro de Desregulaci\u00f3n del Estado, Federico Sturzenegger, pron\u00f3stico este martes que en las elecciones de 2025 la ciudadan\u00eda elegir\u00e1 entre dos modelos: el de \u00abmenos impuestos\u00bb, representado por el presidente Javier Milei, o el \u00abm\u00e1s Estado y m\u00e1s impuestos\u00bb, cuya cara visible, seg\u00fan \u00e9l, es el gobernador de la provincia de Buenos Aires, Axel Kicillof.<\/p>\n<p>Para el ministro, esta disyuntiva se librar\u00e1, principalmente, en la provincia de Buenos Aires. \u00abEst\u00e1n los dos modelos, el de decir &#8216;m\u00e1s impuestos y m\u00e1s Estado&#8217; o una propuesta que diga &#8216;vamos a hacer lo mismo que hizo el Presidente en la Naci\u00f3n que es menos gasto, lo que permite bajar los impuestos'\u00bb, asegur\u00f3. Milei ser\u00eda el \u00faltimo modelo.<\/p>\n<p>Sturzenegger hizo una especie de balance del primer a\u00f1o del gobierno libertario, donde hizo un fuerte reivindicaci\u00f3n del achicamiento del Estado y del ajuste que est\u00e1n llevando adelante. El objetivo ser\u00eda\u00a0<strong>\u00absacar al Estado para devolverle capacidad de gasto al sector privado\u00bb<\/strong>, afirm\u00f3 en declaraciones a Radio Mitre. Seg\u00fan \u00e9l, en 2024 eso se logr\u00f3 con 8% del PBI, gracias a la baja de la inflaci\u00f3n.<\/p>\n<p>\u00abNos preguntamos qui\u00e9nes fueron los beneficiarios de ese 8%, qui\u00e9n lo est\u00e1 gastando, c\u00f3mo se produjo ese aumento del 8% del gasto privado en 2024. Bueno, bajamos el gasto para bajar impuestos.\u00a0<strong>Kicillof quiere subir el gasto, va a tener que subir impuestos<\/strong>\u00ab, afirm\u00f3.<\/p>\n<p>ambito.com<\/p>\n\n\n<p><\/p>\n","protected":false},"excerpt":{"rendered":"<p>El ministro de Desregulaci\u00f3n del Estado, Federico Sturzenegger, pron\u00f3stico este martes que en las elecciones de 2025 la ciudadan\u00eda elegir\u00e1<\/p>\n","protected":false},"author":1,"featured_media":21014,"comment_status":"closed","ping_status":"closed","sticky":false,"template":"","format":"standard","meta":{"footnotes":"","jetpack_publicize_message":"","jetpack_publicize_feature_enabled":true,"jetpack_social_post_already_shared":true,"jetpack_social_options":{"image_generator_settings":{"template":"highway","enabled":false},"version":2}},"categories":[12],"tags":[],"class_list":["post-21013","post","type-post","status-publish","format-standard","has-post-thumbnail","hentry","category-politica"],"jetpack_publicize_connections":[],"_links":{"self":[{"href":"https:\/\/diariorepublica.com.ar\/web\/index.php\/wp-json\/wp\/v2\/posts\/21013"}],"collection":[{"href":"https:\/\/diariorepublica.com.ar\/web\/index.php\/wp-json\/wp\/v2\/posts"}],"about":[{"href":"https:\/\/diariorepublica.com.ar\/web\/index.php\/wp-json\/wp\/v2\/types\/post"}],"author":[{"embeddable":true,"href":"https:\/\/diariorepublica.com.ar\/web\/index.php\/wp-json\/wp\/v2\/users\/1"}],"replies":[{"embeddable":true,"href":"https:\/\/diariorepublica.com.ar\/web\/index.php\/wp-json\/wp\/v2\/comments?post=21013"}],"version-history":[{"count":1,"href":"https:\/\/diariorepublica.com.ar\/web\/index.php\/wp-json\/wp\/v2\/posts\/21013\/revisions"}],"predecessor-version":[{"id":21015,"href":"https:\/\/diariorepublica.com.ar\/web\/index.php\/wp-json\/wp\/v2\/posts\/21013\/revisions\/21015"}],"wp:featuredmedia":[{"embeddable":true,"href":"https:\/\/diariorepublica.com.ar\/web\/index.php\/wp-json\/wp\/v2\/media\/21014"}],"wp:attachment":[{"href":"https:\/\/diariorepublica.com.ar\/web\/index.php\/wp-json\/wp\/v2\/media?parent=21013"}],"wp:term":[{"taxonomy":"category","embeddable":true,"href":"https:\/\/diariorepublica.com.ar\/web\/index.php\/wp-json\/wp\/v2\/categories?post=21013"},{"taxonomy":"post_tag","embeddable":true,"href":"https:\/\/diariorepublica.com.ar\/web\/index.php\/wp-json\/wp\/v2\/tags?post=21013"}],"curies":[{"name":"wp","href":"https:\/\/api.w.org\/{rel}","templated":true}]}}